{"id":5947,"date":"2025-07-29T13:43:01","date_gmt":"2025-07-29T11:43:01","guid":{"rendered":"https:\/\/bildbank.ystadjazz.se\/?p=5947"},"modified":"2025-08-07T21:06:35","modified_gmt":"2025-08-07T19:06:35","slug":"festivalbilder-ysjf-2025","status":"publish","type":"post","link":"https:\/\/bildbank.ystadjazz.se\/?p=5947","title":{"rendered":"Festivalbilder YSJF 2025"},"content":{"rendered":"\n\t\t\t<div id='gallery-5947-1' class='gallery gallery-5947'>\n\t\t\t\t<div class='gallery-row gallery-clear'>\n\t\t\t\t\t<dl class='gallery-item col-3'>\n\t\t\t\t\t\t<dt class='gallery-icon'><a href='https:\/\/bildbank.ystadjazz.se\/?attachment_id=5953'><img loading=\"lazy\" decoding=\"async\" width=\"300\" height=\"225\" src=\"https:\/\/bildbank.ystadjazz.se\/wp-content\/uploads\/2025\/07\/20250730_072759060_iOS-300x225.jpeg\" class=\"attachment-medium size-medium\" alt=\"\" srcset=\"https:\/\/bildbank.ystadjazz.se\/wp-content\/uploads\/2025\/07\/20250730_072759060_iOS-300x225.jpeg 300w, https:\/\/bildbank.ystadjazz.se\/wp-content\/uploads\/2025\/07\/20250730_072759060_iOS-1024x768.jpeg 1024w, https:\/\/bildbank.ystadjazz.se\/wp-content\/uploads\/2025\/07\/20250730_072759060_iOS-1536x1152.jpeg 1536w, https:\/\/bildbank.ystadjazz.se\/wp-content\/uploads\/2025\/07\/20250730_072759060_iOS-2048x1536.jpeg 2048w\" sizes=\"auto, (max-width: 300px) 100vw, 300px\" \/><\/a><\/dt>\n\t\t\t\t\t\t<dd class='gallery-caption'>Delar av kommitt\u00e9n  Photo: Mats Holtne<\/dd>\n\t\t\t\t\t<\/dl>\n\t\t\t\t\t<dl class='gallery-item col-3'>\n\t\t\t\t\t\t<dt class='gallery-icon'><a href='https:\/\/bildbank.ystadjazz.se\/?attachment_id=5954'><img loading=\"lazy\" decoding=\"async\" width=\"300\" height=\"225\" src=\"https:\/\/bildbank.ystadjazz.se\/wp-content\/uploads\/2025\/07\/20250730_081809203_iOS-300x225.jpg\" class=\"attachment-medium size-medium\" alt=\"\" srcset=\"https:\/\/bildbank.ystadjazz.se\/wp-content\/uploads\/2025\/07\/20250730_081809203_iOS-300x225.jpg 300w, https:\/\/bildbank.ystadjazz.se\/wp-content\/uploads\/2025\/07\/20250730_081809203_iOS.jpg 1020w\" sizes=\"auto, (max-width: 300px) 100vw, 300px\" \/><\/a><\/dt>\n\t\t\t\t\t\t<dd class='gallery-caption'>F\u00f6rberedelser hos B\u00e4ckah\u00e4sten  Photo: Thomas Lantz<\/dd>\n\t\t\t\t\t<\/dl>\n\t\t\t\t\t<dl class='gallery-item col-3'>\n\t\t\t\t\t\t<dt class='gallery-icon'><a href='https:\/\/bildbank.ystadjazz.se\/?attachment_id=5955'><img loading=\"lazy\" decoding=\"async\" width=\"300\" height=\"225\" src=\"https:\/\/bildbank.ystadjazz.se\/wp-content\/uploads\/2025\/07\/20250730_083235267_iOS-300x225.jpg\" class=\"attachment-medium size-medium\" alt=\"\" srcset=\"https:\/\/bildbank.ystadjazz.se\/wp-content\/uploads\/2025\/07\/20250730_083235267_iOS-300x225.jpg 300w, https:\/\/bildbank.ystadjazz.se\/wp-content\/uploads\/2025\/07\/20250730_083235267_iOS.jpg 1020w\" sizes=\"auto, (max-width: 300px) 100vw, 300px\" \/><\/a><\/dt>\n\t\t\t\t\t\t<dd class='gallery-caption'>B\u00e4ckah\u00e4sten  Photo: Thomas Lantz<\/dd>\n\t\t\t\t\t<\/dl>\n\t\t\t\t<\/div>\n\t\t\t\t<div class='gallery-row gallery-clear'>\n\t\t\t\t\t<dl class='gallery-item col-3'>\n\t\t\t\t\t\t<dt class='gallery-icon'><a href='https:\/\/bildbank.ystadjazz.se\/?attachment_id=5965'><img loading=\"lazy\" decoding=\"async\" width=\"225\" height=\"300\" src=\"https:\/\/bildbank.ystadjazz.se\/wp-content\/uploads\/2025\/07\/IMG_5878-225x300.jpeg\" class=\"attachment-medium size-medium\" alt=\"\" srcset=\"https:\/\/bildbank.ystadjazz.se\/wp-content\/uploads\/2025\/07\/IMG_5878-225x300.jpeg 225w, https:\/\/bildbank.ystadjazz.se\/wp-content\/uploads\/2025\/07\/IMG_5878-768x1024.jpeg 768w, https:\/\/bildbank.ystadjazz.se\/wp-content\/uploads\/2025\/07\/IMG_5878-1152x1536.jpeg 1152w, https:\/\/bildbank.ystadjazz.se\/wp-content\/uploads\/2025\/07\/IMG_5878-1536x2048.jpeg 1536w, https:\/\/bildbank.ystadjazz.se\/wp-content\/uploads\/2025\/07\/IMG_5878.jpeg 1920w\" sizes=\"auto, (max-width: 225px) 100vw, 225px\" \/><\/a><\/dt>\n\t\t\t\t\t\t<dd class='gallery-caption'>Yazz Parade 2025  Photo: Thomas Lantz<\/dd>\n\t\t\t\t\t<\/dl>\n\t\t\t\t\t<dl class='gallery-item col-3'>\n\t\t\t\t\t\t<dt class='gallery-icon'><a href='https:\/\/bildbank.ystadjazz.se\/?attachment_id=5973'><img loading=\"lazy\" decoding=\"async\" width=\"300\" height=\"235\" src=\"https:\/\/bildbank.ystadjazz.se\/wp-content\/uploads\/2025\/07\/20250730_110924650_iOS-kopiera-300x235.jpg\" class=\"attachment-medium size-medium\" alt=\"\" srcset=\"https:\/\/bildbank.ystadjazz.se\/wp-content\/uploads\/2025\/07\/20250730_110924650_iOS-kopiera-300x235.jpg 300w, https:\/\/bildbank.ystadjazz.se\/wp-content\/uploads\/2025\/07\/20250730_110924650_iOS-kopiera.jpg 1020w\" sizes=\"auto, (max-width: 300px) 100vw, 300px\" \/><\/a><\/dt>\n\t\t\t\t\t\t<dd class='gallery-caption'>YSB 2025 Photo: Thomas Lantz<\/dd>\n\t\t\t\t\t<\/dl>\n\t\t\t\t\t<dl class='gallery-item col-3'>\n\t\t\t\t\t\t<dt class='gallery-icon'><a href='https:\/\/bildbank.ystadjazz.se\/?attachment_id=5975'><img loading=\"lazy\" decoding=\"async\" width=\"300\" height=\"225\" src=\"https:\/\/bildbank.ystadjazz.se\/wp-content\/uploads\/2025\/07\/20250730_180349560_iOS-300x225.jpg\" class=\"attachment-medium size-medium\" alt=\"\" srcset=\"https:\/\/bildbank.ystadjazz.se\/wp-content\/uploads\/2025\/07\/20250730_180349560_iOS-300x225.jpg 300w, https:\/\/bildbank.ystadjazz.se\/wp-content\/uploads\/2025\/07\/20250730_180349560_iOS.jpg 1020w\" sizes=\"auto, (max-width: 300px) 100vw, 300px\" \/><\/a><\/dt>\n\t\t\t\t\t\t<dd class='gallery-caption'>Klosterkyrkan 2025-07-30  Photo: Thomas Lantz<\/dd>\n\t\t\t\t\t<\/dl>\n\t\t\t\t<\/div>\n\t\t\t\t<div class='gallery-row gallery-clear'>\n\t\t\t\t\t<dl class='gallery-item col-3'>\n\t\t\t\t\t\t<dt class='gallery-icon'><a href='https:\/\/bildbank.ystadjazz.se\/?attachment_id=6014'><img loading=\"lazy\" decoding=\"async\" width=\"300\" height=\"200\" src=\"https:\/\/bildbank.ystadjazz.se\/wp-content\/uploads\/2025\/07\/YSJF2025-Yazzparad-01-foto-Harri-Paavolainen-300x200.jpg\" class=\"attachment-medium size-medium\" alt=\"\" srcset=\"https:\/\/bildbank.ystadjazz.se\/wp-content\/uploads\/2025\/07\/YSJF2025-Yazzparad-01-foto-Harri-Paavolainen-300x200.jpg 300w, https:\/\/bildbank.ystadjazz.se\/wp-content\/uploads\/2025\/07\/YSJF2025-Yazzparad-01-foto-Harri-Paavolainen-1024x684.jpg 1024w, https:\/\/bildbank.ystadjazz.se\/wp-content\/uploads\/2025\/07\/YSJF2025-Yazzparad-01-foto-Harri-Paavolainen-1536x1025.jpg 1536w, https:\/\/bildbank.ystadjazz.se\/wp-content\/uploads\/2025\/07\/YSJF2025-Yazzparad-01-foto-Harri-Paavolainen.jpg 2000w\" sizes=\"auto, (max-width: 300px) 100vw, 300px\" \/><\/a><\/dt>\n\t\t\t\t\t\t<dd class='gallery-caption'>Yazz Parade 2025 Photo: Harri Paavolainen<\/dd>\n\t\t\t\t\t<\/dl>\n\t\t\t\t\t<dl class='gallery-item col-3'>\n\t\t\t\t\t\t<dt class='gallery-icon'><a href='https:\/\/bildbank.ystadjazz.se\/?attachment_id=6015'><img loading=\"lazy\" decoding=\"async\" width=\"200\" height=\"300\" src=\"https:\/\/bildbank.ystadjazz.se\/wp-content\/uploads\/2025\/07\/YSJF2025-Yazzparad-02-foto-Harri-Paavolainen-200x300.jpg\" class=\"attachment-medium size-medium\" alt=\"\" srcset=\"https:\/\/bildbank.ystadjazz.se\/wp-content\/uploads\/2025\/07\/YSJF2025-Yazzparad-02-foto-Harri-Paavolainen-200x300.jpg 200w, https:\/\/bildbank.ystadjazz.se\/wp-content\/uploads\/2025\/07\/YSJF2025-Yazzparad-02-foto-Harri-Paavolainen-684x1024.jpg 684w, https:\/\/bildbank.ystadjazz.se\/wp-content\/uploads\/2025\/07\/YSJF2025-Yazzparad-02-foto-Harri-Paavolainen-1025x1536.jpg 1025w, https:\/\/bildbank.ystadjazz.se\/wp-content\/uploads\/2025\/07\/YSJF2025-Yazzparad-02-foto-Harri-Paavolainen.jpg 1335w\" sizes=\"auto, (max-width: 200px) 100vw, 200px\" \/><\/a><\/dt>\n\t\t\t\t\t\t<dd class='gallery-caption'>Yazz Parade 2025 Photo: Harri Paavolainen<\/dd>\n\t\t\t\t\t<\/dl>\n\t\t\t\t\t<dl class='gallery-item col-3'>\n\t\t\t\t\t\t<dt class='gallery-icon'><a href='https:\/\/bildbank.ystadjazz.se\/?attachment_id=6016'><img loading=\"lazy\" decoding=\"async\" width=\"200\" height=\"300\" src=\"https:\/\/bildbank.ystadjazz.se\/wp-content\/uploads\/2025\/07\/YSJF2025-Yazzparad-03-foto-Harri-Paavolainen-200x300.jpg\" class=\"attachment-medium size-medium\" alt=\"\" srcset=\"https:\/\/bildbank.ystadjazz.se\/wp-content\/uploads\/2025\/07\/YSJF2025-Yazzparad-03-foto-Harri-Paavolainen-200x300.jpg 200w, https:\/\/bildbank.ystadjazz.se\/wp-content\/uploads\/2025\/07\/YSJF2025-Yazzparad-03-foto-Harri-Paavolainen-684x1024.jpg 684w, https:\/\/bildbank.ystadjazz.se\/wp-content\/uploads\/2025\/07\/YSJF2025-Yazzparad-03-foto-Harri-Paavolainen-1025x1536.jpg 1025w, https:\/\/bildbank.ystadjazz.se\/wp-content\/uploads\/2025\/07\/YSJF2025-Yazzparad-03-foto-Harri-Paavolainen.jpg 1335w\" sizes=\"auto, (max-width: 200px) 100vw, 200px\" \/><\/a><\/dt>\n\t\t\t\t\t\t<dd class='gallery-caption'>Yazz Parade 2025 Photo: Harri Paavolainen<\/dd>\n\t\t\t\t\t<\/dl>\n\t\t\t\t<\/div>\n\t\t\t\t<div class='gallery-row gallery-clear'>\n\t\t\t\t\t<dl class='gallery-item col-3'>\n\t\t\t\t\t\t<dt class='gallery-icon'><a href='https:\/\/bildbank.ystadjazz.se\/?attachment_id=6017'><img loading=\"lazy\" decoding=\"async\" width=\"200\" height=\"300\" src=\"https:\/\/bildbank.ystadjazz.se\/wp-content\/uploads\/2025\/07\/YSJF2025-Yazzparad-04-foto-Harri-Paavolainen-200x300.jpg\" class=\"attachment-medium size-medium\" alt=\"\" srcset=\"https:\/\/bildbank.ystadjazz.se\/wp-content\/uploads\/2025\/07\/YSJF2025-Yazzparad-04-foto-Harri-Paavolainen-200x300.jpg 200w, https:\/\/bildbank.ystadjazz.se\/wp-content\/uploads\/2025\/07\/YSJF2025-Yazzparad-04-foto-Harri-Paavolainen-684x1024.jpg 684w, https:\/\/bildbank.ystadjazz.se\/wp-content\/uploads\/2025\/07\/YSJF2025-Yazzparad-04-foto-Harri-Paavolainen-1025x1536.jpg 1025w, https:\/\/bildbank.ystadjazz.se\/wp-content\/uploads\/2025\/07\/YSJF2025-Yazzparad-04-foto-Harri-Paavolainen.jpg 1335w\" sizes=\"auto, (max-width: 200px) 100vw, 200px\" \/><\/a><\/dt>\n\t\t\t\t\t\t<dd class='gallery-caption'>Yazz Parade 2025 Photo: Harri Paavolainen<\/dd>\n\t\t\t\t\t<\/dl>\n\t\t\t\t\t<dl class='gallery-item col-3'>\n\t\t\t\t\t\t<dt class='gallery-icon'><a href='https:\/\/bildbank.ystadjazz.se\/?attachment_id=6018'><img loading=\"lazy\" decoding=\"async\" width=\"200\" height=\"300\" src=\"https:\/\/bildbank.ystadjazz.se\/wp-content\/uploads\/2025\/07\/YSJF2025-Yazzparad-05-foto-Harri-Paavolainen-200x300.jpg\" class=\"attachment-medium size-medium\" alt=\"\" srcset=\"https:\/\/bildbank.ystadjazz.se\/wp-content\/uploads\/2025\/07\/YSJF2025-Yazzparad-05-foto-Harri-Paavolainen-200x300.jpg 200w, https:\/\/bildbank.ystadjazz.se\/wp-content\/uploads\/2025\/07\/YSJF2025-Yazzparad-05-foto-Harri-Paavolainen-684x1024.jpg 684w, https:\/\/bildbank.ystadjazz.se\/wp-content\/uploads\/2025\/07\/YSJF2025-Yazzparad-05-foto-Harri-Paavolainen-1025x1536.jpg 1025w, https:\/\/bildbank.ystadjazz.se\/wp-content\/uploads\/2025\/07\/YSJF2025-Yazzparad-05-foto-Harri-Paavolainen.jpg 1335w\" sizes=\"auto, (max-width: 200px) 100vw, 200px\" \/><\/a><\/dt>\n\t\t\t\t\t\t<dd class='gallery-caption'>Yazz Parade 2025 Photo: Harri Paavolainen<\/dd>\n\t\t\t\t\t<\/dl>\n\t\t\t\t\t<dl class='gallery-item col-3'>\n\t\t\t\t\t\t<dt class='gallery-icon'><a href='https:\/\/bildbank.ystadjazz.se\/?attachment_id=6019'><img loading=\"lazy\" decoding=\"async\" width=\"218\" height=\"300\" src=\"https:\/\/bildbank.ystadjazz.se\/wp-content\/uploads\/2025\/07\/YSJF2025-Yazzparad-06-foto-Harri-Paavolainen-218x300.jpg\" class=\"attachment-medium size-medium\" alt=\"\" srcset=\"https:\/\/bildbank.ystadjazz.se\/wp-content\/uploads\/2025\/07\/YSJF2025-Yazzparad-06-foto-Harri-Paavolainen-218x300.jpg 218w, https:\/\/bildbank.ystadjazz.se\/wp-content\/uploads\/2025\/07\/YSJF2025-Yazzparad-06-foto-Harri-Paavolainen-742x1024.jpg 742w, https:\/\/bildbank.ystadjazz.se\/wp-content\/uploads\/2025\/07\/YSJF2025-Yazzparad-06-foto-Harri-Paavolainen-1114x1536.jpg 1114w, https:\/\/bildbank.ystadjazz.se\/wp-content\/uploads\/2025\/07\/YSJF2025-Yazzparad-06-foto-Harri-Paavolainen.jpg 1450w\" sizes=\"auto, (max-width: 218px) 100vw, 218px\" \/><\/a><\/dt>\n\t\t\t\t\t\t<dd class='gallery-caption'>Yazz Parade 2025 Photo: Harri Paavolainen<\/dd>\n\t\t\t\t\t<\/dl>\n\t\t\t\t<\/div>\n\t\t\t\t<div class='gallery-row gallery-clear'>\n\t\t\t\t\t<dl class='gallery-item col-3'>\n\t\t\t\t\t\t<dt class='gallery-icon'><a href='https:\/\/bildbank.ystadjazz.se\/?attachment_id=6020'><img loading=\"lazy\" decoding=\"async\" width=\"300\" height=\"200\" src=\"https:\/\/bildbank.ystadjazz.se\/wp-content\/uploads\/2025\/07\/YSJF2025-Yazzparad-07-foto-Harri-Paavolainen-300x200.jpg\" class=\"attachment-medium size-medium\" alt=\"\" srcset=\"https:\/\/bildbank.ystadjazz.se\/wp-content\/uploads\/2025\/07\/YSJF2025-Yazzparad-07-foto-Harri-Paavolainen-300x200.jpg 300w, https:\/\/bildbank.ystadjazz.se\/wp-content\/uploads\/2025\/07\/YSJF2025-Yazzparad-07-foto-Harri-Paavolainen-1024x684.jpg 1024w, https:\/\/bildbank.ystadjazz.se\/wp-content\/uploads\/2025\/07\/YSJF2025-Yazzparad-07-foto-Harri-Paavolainen-1536x1025.jpg 1536w, https:\/\/bildbank.ystadjazz.se\/wp-content\/uploads\/2025\/07\/YSJF2025-Yazzparad-07-foto-Harri-Paavolainen.jpg 2000w\" sizes=\"auto, (max-width: 300px) 100vw, 300px\" \/><\/a><\/dt>\n\t\t\t\t\t\t<dd class='gallery-caption'>Yazz Parade 2025 Photo: Harri Paavolainen<\/dd>\n\t\t\t\t\t<\/dl>\n\t\t\t\t\t<dl class='gallery-item col-3'>\n\t\t\t\t\t\t<dt class='gallery-icon'><a href='https:\/\/bildbank.ystadjazz.se\/?attachment_id=6021'><img loading=\"lazy\" decoding=\"async\" width=\"300\" height=\"208\" src=\"https:\/\/bildbank.ystadjazz.se\/wp-content\/uploads\/2025\/07\/YSJF2025-Yazzparad-08-foto-Harri-Paavolainen-300x208.jpg\" class=\"attachment-medium size-medium\" alt=\"\" srcset=\"https:\/\/bildbank.ystadjazz.se\/wp-content\/uploads\/2025\/07\/YSJF2025-Yazzparad-08-foto-Harri-Paavolainen-300x208.jpg 300w, https:\/\/bildbank.ystadjazz.se\/wp-content\/uploads\/2025\/07\/YSJF2025-Yazzparad-08-foto-Harri-Paavolainen-1024x711.jpg 1024w, https:\/\/bildbank.ystadjazz.se\/wp-content\/uploads\/2025\/07\/YSJF2025-Yazzparad-08-foto-Harri-Paavolainen-1536x1066.jpg 1536w, https:\/\/bildbank.ystadjazz.se\/wp-content\/uploads\/2025\/07\/YSJF2025-Yazzparad-08-foto-Harri-Paavolainen.jpg 2000w\" sizes=\"auto, (max-width: 300px) 100vw, 300px\" \/><\/a><\/dt>\n\t\t\t\t\t\t<dd class='gallery-caption'>Yazz Parade 2025 Photo: Harri Paavolainen<\/dd>\n\t\t\t\t\t<\/dl>\n\t\t\t\t\t<dl class='gallery-item col-3'>\n\t\t\t\t\t\t<dt class='gallery-icon'><a href='https:\/\/bildbank.ystadjazz.se\/?attachment_id=6022'><img loading=\"lazy\" decoding=\"async\" width=\"200\" height=\"300\" src=\"https:\/\/bildbank.ystadjazz.se\/wp-content\/uploads\/2025\/07\/YSJF2025-Yazzparad-09-foto-Harri-Paavolainen-200x300.jpg\" class=\"attachment-medium size-medium\" alt=\"\" srcset=\"https:\/\/bildbank.ystadjazz.se\/wp-content\/uploads\/2025\/07\/YSJF2025-Yazzparad-09-foto-Harri-Paavolainen-200x300.jpg 200w, https:\/\/bildbank.ystadjazz.se\/wp-content\/uploads\/2025\/07\/YSJF2025-Yazzparad-09-foto-Harri-Paavolainen-684x1024.jpg 684w, https:\/\/bildbank.ystadjazz.se\/wp-content\/uploads\/2025\/07\/YSJF2025-Yazzparad-09-foto-Harri-Paavolainen-1025x1536.jpg 1025w, https:\/\/bildbank.ystadjazz.se\/wp-content\/uploads\/2025\/07\/YSJF2025-Yazzparad-09-foto-Harri-Paavolainen.jpg 1335w\" sizes=\"auto, (max-width: 200px) 100vw, 200px\" \/><\/a><\/dt>\n\t\t\t\t\t\t<dd class='gallery-caption'>Yazz Parade 2025 Photo: Harri Paavolainen<\/dd>\n\t\t\t\t\t<\/dl>\n\t\t\t\t<\/div>\n\t\t\t\t<div class='gallery-row gallery-clear'>\n\t\t\t\t\t<dl class='gallery-item col-3'>\n\t\t\t\t\t\t<dt class='gallery-icon'><a href='https:\/\/bildbank.ystadjazz.se\/?attachment_id=6023'><img loading=\"lazy\" decoding=\"async\" width=\"200\" height=\"300\" src=\"https:\/\/bildbank.ystadjazz.se\/wp-content\/uploads\/2025\/07\/YSJF2025-Yazzparad-10-foto-Harri-Paavolainen-200x300.jpg\" class=\"attachment-medium size-medium\" alt=\"\" srcset=\"https:\/\/bildbank.ystadjazz.se\/wp-content\/uploads\/2025\/07\/YSJF2025-Yazzparad-10-foto-Harri-Paavolainen-200x300.jpg 200w, https:\/\/bildbank.ystadjazz.se\/wp-content\/uploads\/2025\/07\/YSJF2025-Yazzparad-10-foto-Harri-Paavolainen-684x1024.jpg 684w, https:\/\/bildbank.ystadjazz.se\/wp-content\/uploads\/2025\/07\/YSJF2025-Yazzparad-10-foto-Harri-Paavolainen-1025x1536.jpg 1025w, https:\/\/bildbank.ystadjazz.se\/wp-content\/uploads\/2025\/07\/YSJF2025-Yazzparad-10-foto-Harri-Paavolainen.jpg 1335w\" sizes=\"auto, (max-width: 200px) 100vw, 200px\" \/><\/a><\/dt>\n\t\t\t\t\t\t<dd class='gallery-caption'>Yazz Parade 2025 Photo: Harri Paavolainen<\/dd>\n\t\t\t\t\t<\/dl>\n\t\t\t\t\t<dl class='gallery-item col-3'>\n\t\t\t\t\t\t<dt class='gallery-icon'><a href='https:\/\/bildbank.ystadjazz.se\/?attachment_id=6024'><img loading=\"lazy\" decoding=\"async\" width=\"200\" height=\"300\" src=\"https:\/\/bildbank.ystadjazz.se\/wp-content\/uploads\/2025\/07\/YSJF2025-Yazzparad-11-foto-Harri-Paavolainen-200x300.jpg\" class=\"attachment-medium size-medium\" alt=\"\" srcset=\"https:\/\/bildbank.ystadjazz.se\/wp-content\/uploads\/2025\/07\/YSJF2025-Yazzparad-11-foto-Harri-Paavolainen-200x300.jpg 200w, https:\/\/bildbank.ystadjazz.se\/wp-content\/uploads\/2025\/07\/YSJF2025-Yazzparad-11-foto-Harri-Paavolainen-684x1024.jpg 684w, https:\/\/bildbank.ystadjazz.se\/wp-content\/uploads\/2025\/07\/YSJF2025-Yazzparad-11-foto-Harri-Paavolainen-1025x1536.jpg 1025w, https:\/\/bildbank.ystadjazz.se\/wp-content\/uploads\/2025\/07\/YSJF2025-Yazzparad-11-foto-Harri-Paavolainen.jpg 1335w\" sizes=\"auto, (max-width: 200px) 100vw, 200px\" \/><\/a><\/dt>\n\t\t\t\t\t\t<dd class='gallery-caption'>Yazz Parade 2025 Photo: Harri Paavolainen<\/dd>\n\t\t\t\t\t<\/dl>\n\t\t\t\t\t<dl class='gallery-item col-3'>\n\t\t\t\t\t\t<dt class='gallery-icon'><a href='https:\/\/bildbank.ystadjazz.se\/?attachment_id=6062'><img loading=\"lazy\" decoding=\"async\" width=\"300\" height=\"200\" src=\"https:\/\/bildbank.ystadjazz.se\/wp-content\/uploads\/2025\/07\/YSJF-2025-Jazzparad-Fotot-Markus-Fagersten-300x200.jpg\" class=\"attachment-medium size-medium\" alt=\"\" srcset=\"https:\/\/bildbank.ystadjazz.se\/wp-content\/uploads\/2025\/07\/YSJF-2025-Jazzparad-Fotot-Markus-Fagersten-300x200.jpg 300w, https:\/\/bildbank.ystadjazz.se\/wp-content\/uploads\/2025\/07\/YSJF-2025-Jazzparad-Fotot-Markus-Fagersten-1024x683.jpg 1024w, https:\/\/bildbank.ystadjazz.se\/wp-content\/uploads\/2025\/07\/YSJF-2025-Jazzparad-Fotot-Markus-Fagersten-1536x1024.jpg 1536w, https:\/\/bildbank.ystadjazz.se\/wp-content\/uploads\/2025\/07\/YSJF-2025-Jazzparad-Fotot-Markus-Fagersten-2048x1365.jpg 2048w\" sizes=\"auto, (max-width: 300px) 100vw, 300px\" \/><\/a><\/dt>\n\t\t\t\t\t\t<dd class='gallery-caption'>Yazz Parade 2025 &#8211; NB! Brass Band Photo: Marcus F\u00e4gersten<\/dd>\n\t\t\t\t\t<\/dl>\n\t\t\t\t<\/div>\n\t\t\t\t<div class='gallery-row gallery-clear'>\n\t\t\t\t\t<dl class='gallery-item col-3'>\n\t\t\t\t\t\t<dt class='gallery-icon'><a href='https:\/\/bildbank.ystadjazz.se\/?attachment_id=6063'><img loading=\"lazy\" decoding=\"async\" width=\"300\" height=\"200\" src=\"https:\/\/bildbank.ystadjazz.se\/wp-content\/uploads\/2025\/07\/YSJF-2025-Jazzparad-Fotot-Markus-Fagersten-1-300x200.jpg\" class=\"attachment-medium size-medium\" alt=\"\" srcset=\"https:\/\/bildbank.ystadjazz.se\/wp-content\/uploads\/2025\/07\/YSJF-2025-Jazzparad-Fotot-Markus-Fagersten-1-300x200.jpg 300w, https:\/\/bildbank.ystadjazz.se\/wp-content\/uploads\/2025\/07\/YSJF-2025-Jazzparad-Fotot-Markus-Fagersten-1-1024x683.jpg 1024w, https:\/\/bildbank.ystadjazz.se\/wp-content\/uploads\/2025\/07\/YSJF-2025-Jazzparad-Fotot-Markus-Fagersten-1-1536x1024.jpg 1536w, https:\/\/bildbank.ystadjazz.se\/wp-content\/uploads\/2025\/07\/YSJF-2025-Jazzparad-Fotot-Markus-Fagersten-1-2048x1365.jpg 2048w\" sizes=\"auto, (max-width: 300px) 100vw, 300px\" \/><\/a><\/dt>\n\t\t\t\t\t\t<dd class='gallery-caption'>Yazz Parade 2025 &#8211; NB! Brass Band Photo: Marcus F\u00e4gersten<\/dd>\n\t\t\t\t\t<\/dl>\n\t\t\t\t\t<dl class='gallery-item col-3'>\n\t\t\t\t\t\t<dt class='gallery-icon'><a href='https:\/\/bildbank.ystadjazz.se\/?attachment_id=6064'><img loading=\"lazy\" decoding=\"async\" width=\"200\" height=\"300\" src=\"https:\/\/bildbank.ystadjazz.se\/wp-content\/uploads\/2025\/07\/YSJF-2025-Jazzparad-Fotot-Markus-Fagersten-2-200x300.jpg\" class=\"attachment-medium size-medium\" alt=\"\" srcset=\"https:\/\/bildbank.ystadjazz.se\/wp-content\/uploads\/2025\/07\/YSJF-2025-Jazzparad-Fotot-Markus-Fagersten-2-200x300.jpg 200w, https:\/\/bildbank.ystadjazz.se\/wp-content\/uploads\/2025\/07\/YSJF-2025-Jazzparad-Fotot-Markus-Fagersten-2-683x1024.jpg 683w, https:\/\/bildbank.ystadjazz.se\/wp-content\/uploads\/2025\/07\/YSJF-2025-Jazzparad-Fotot-Markus-Fagersten-2-1024x1536.jpg 1024w, https:\/\/bildbank.ystadjazz.se\/wp-content\/uploads\/2025\/07\/YSJF-2025-Jazzparad-Fotot-Markus-Fagersten-2-1365x2048.jpg 1365w, https:\/\/bildbank.ystadjazz.se\/wp-content\/uploads\/2025\/07\/YSJF-2025-Jazzparad-Fotot-Markus-Fagersten-2.jpg 1680w\" sizes=\"auto, (max-width: 200px) 100vw, 200px\" \/><\/a><\/dt>\n\t\t\t\t\t\t<dd class='gallery-caption'>Yazz Parade 2025 &#8211; NB! Brass Band Photo: Marcus F\u00e4gersten<\/dd>\n\t\t\t\t\t<\/dl>\n\t\t\t\t\t<dl class='gallery-item col-3'>\n\t\t\t\t\t\t<dt class='gallery-icon'><a href='https:\/\/bildbank.ystadjazz.se\/?attachment_id=6065'><img loading=\"lazy\" decoding=\"async\" width=\"200\" height=\"300\" src=\"https:\/\/bildbank.ystadjazz.se\/wp-content\/uploads\/2025\/07\/YSJF-2025-Jazzparad-Fotot-Markus-Fagersten-3-200x300.jpg\" class=\"attachment-medium size-medium\" alt=\"\" srcset=\"https:\/\/bildbank.ystadjazz.se\/wp-content\/uploads\/2025\/07\/YSJF-2025-Jazzparad-Fotot-Markus-Fagersten-3-200x300.jpg 200w, https:\/\/bildbank.ystadjazz.se\/wp-content\/uploads\/2025\/07\/YSJF-2025-Jazzparad-Fotot-Markus-Fagersten-3-683x1024.jpg 683w, https:\/\/bildbank.ystadjazz.se\/wp-content\/uploads\/2025\/07\/YSJF-2025-Jazzparad-Fotot-Markus-Fagersten-3-1024x1536.jpg 1024w, https:\/\/bildbank.ystadjazz.se\/wp-content\/uploads\/2025\/07\/YSJF-2025-Jazzparad-Fotot-Markus-Fagersten-3-1365x2048.jpg 1365w, https:\/\/bildbank.ystadjazz.se\/wp-content\/uploads\/2025\/07\/YSJF-2025-Jazzparad-Fotot-Markus-Fagersten-3.jpg 1680w\" sizes=\"auto, (max-width: 200px) 100vw, 200px\" \/><\/a><\/dt>\n\t\t\t\t\t\t<dd class='gallery-caption'>Yazz Parade 2025 &#8211; NB! Brass Band Photo: Marcus F\u00e4gersten<\/dd>\n\t\t\t\t\t<\/dl>\n\t\t\t\t<\/div>\n\t\t\t\t<div class='gallery-row gallery-clear'>\n\t\t\t\t\t<dl class='gallery-item col-3'>\n\t\t\t\t\t\t<dt class='gallery-icon'><a href='https:\/\/bildbank.ystadjazz.se\/?attachment_id=6066'><img loading=\"lazy\" decoding=\"async\" width=\"300\" height=\"200\" src=\"https:\/\/bildbank.ystadjazz.se\/wp-content\/uploads\/2025\/07\/YSJF-2025-Jazzparad-Fotot-Markus-Fagersten-4-300x200.jpg\" class=\"attachment-medium size-medium\" alt=\"\" srcset=\"https:\/\/bildbank.ystadjazz.se\/wp-content\/uploads\/2025\/07\/YSJF-2025-Jazzparad-Fotot-Markus-Fagersten-4-300x200.jpg 300w, https:\/\/bildbank.ystadjazz.se\/wp-content\/uploads\/2025\/07\/YSJF-2025-Jazzparad-Fotot-Markus-Fagersten-4-1024x683.jpg 1024w, https:\/\/bildbank.ystadjazz.se\/wp-content\/uploads\/2025\/07\/YSJF-2025-Jazzparad-Fotot-Markus-Fagersten-4-1536x1024.jpg 1536w, https:\/\/bildbank.ystadjazz.se\/wp-content\/uploads\/2025\/07\/YSJF-2025-Jazzparad-Fotot-Markus-Fagersten-4-2048x1365.jpg 2048w\" sizes=\"auto, (max-width: 300px) 100vw, 300px\" \/><\/a><\/dt>\n\t\t\t\t\t\t<dd class='gallery-caption'>Yazz Parade 2025 &#8211; NB! Brass Band Photo: Marcus F\u00e4gersten<\/dd>\n\t\t\t\t\t<\/dl>\n\t\t\t\t\t<dl class='gallery-item col-3'>\n\t\t\t\t\t\t<dt class='gallery-icon'><a href='https:\/\/bildbank.ystadjazz.se\/?attachment_id=6067'><img loading=\"lazy\" decoding=\"async\" width=\"200\" height=\"300\" src=\"https:\/\/bildbank.ystadjazz.se\/wp-content\/uploads\/2025\/07\/YSJF-2025-Jazzparad-Fotot-Markus-Fagersten-5-200x300.jpg\" class=\"attachment-medium size-medium\" alt=\"\" srcset=\"https:\/\/bildbank.ystadjazz.se\/wp-content\/uploads\/2025\/07\/YSJF-2025-Jazzparad-Fotot-Markus-Fagersten-5-200x300.jpg 200w, https:\/\/bildbank.ystadjazz.se\/wp-content\/uploads\/2025\/07\/YSJF-2025-Jazzparad-Fotot-Markus-Fagersten-5-683x1024.jpg 683w, https:\/\/bildbank.ystadjazz.se\/wp-content\/uploads\/2025\/07\/YSJF-2025-Jazzparad-Fotot-Markus-Fagersten-5-1024x1536.jpg 1024w, https:\/\/bildbank.ystadjazz.se\/wp-content\/uploads\/2025\/07\/YSJF-2025-Jazzparad-Fotot-Markus-Fagersten-5-1365x2048.jpg 1365w, https:\/\/bildbank.ystadjazz.se\/wp-content\/uploads\/2025\/07\/YSJF-2025-Jazzparad-Fotot-Markus-Fagersten-5.jpg 1680w\" sizes=\"auto, (max-width: 200px) 100vw, 200px\" \/><\/a><\/dt>\n\t\t\t\t\t\t<dd class='gallery-caption'>Yazz Parade 2025 &#8211; NB! Brass Band Photo: Marcus F\u00e4gersten<\/dd>\n\t\t\t\t\t<\/dl>\n\t\t\t\t\t<dl class='gallery-item col-3'>\n\t\t\t\t\t\t<dt class='gallery-icon'><a href='https:\/\/bildbank.ystadjazz.se\/?attachment_id=6068'><img loading=\"lazy\" decoding=\"async\" width=\"200\" height=\"300\" src=\"https:\/\/bildbank.ystadjazz.se\/wp-content\/uploads\/2025\/07\/YSJF-2025-Jazzparad-Fotot-Markus-Fagersten-6-200x300.jpg\" class=\"attachment-medium size-medium\" alt=\"\" srcset=\"https:\/\/bildbank.ystadjazz.se\/wp-content\/uploads\/2025\/07\/YSJF-2025-Jazzparad-Fotot-Markus-Fagersten-6-200x300.jpg 200w, https:\/\/bildbank.ystadjazz.se\/wp-content\/uploads\/2025\/07\/YSJF-2025-Jazzparad-Fotot-Markus-Fagersten-6-683x1024.jpg 683w, https:\/\/bildbank.ystadjazz.se\/wp-content\/uploads\/2025\/07\/YSJF-2025-Jazzparad-Fotot-Markus-Fagersten-6-1024x1536.jpg 1024w, https:\/\/bildbank.ystadjazz.se\/wp-content\/uploads\/2025\/07\/YSJF-2025-Jazzparad-Fotot-Markus-Fagersten-6-1365x2048.jpg 1365w, https:\/\/bildbank.ystadjazz.se\/wp-content\/uploads\/2025\/07\/YSJF-2025-Jazzparad-Fotot-Markus-Fagersten-6.jpg 1680w\" sizes=\"auto, (max-width: 200px) 100vw, 200px\" \/><\/a><\/dt>\n\t\t\t\t\t\t<dd class='gallery-caption'>Yazz Parade 2025 &#8211; NB! Brass Band Photo: Marcus F\u00e4gersten<\/dd>\n\t\t\t\t\t<\/dl>\n\t\t\t\t<\/div>\n\t\t\t\t<div class='gallery-row gallery-clear'>\n\t\t\t\t\t<dl class='gallery-item col-3'>\n\t\t\t\t\t\t<dt class='gallery-icon'><a href='https:\/\/bildbank.ystadjazz.se\/?attachment_id=6069'><img loading=\"lazy\" decoding=\"async\" width=\"200\" height=\"300\" src=\"https:\/\/bildbank.ystadjazz.se\/wp-content\/uploads\/2025\/07\/YSJF-2025-Jazzparad-Fotot-Markus-Fagersten-7-200x300.jpg\" class=\"attachment-medium size-medium\" alt=\"\" srcset=\"https:\/\/bildbank.ystadjazz.se\/wp-content\/uploads\/2025\/07\/YSJF-2025-Jazzparad-Fotot-Markus-Fagersten-7-200x300.jpg 200w, https:\/\/bildbank.ystadjazz.se\/wp-content\/uploads\/2025\/07\/YSJF-2025-Jazzparad-Fotot-Markus-Fagersten-7-683x1024.jpg 683w, https:\/\/bildbank.ystadjazz.se\/wp-content\/uploads\/2025\/07\/YSJF-2025-Jazzparad-Fotot-Markus-Fagersten-7-1024x1536.jpg 1024w, https:\/\/bildbank.ystadjazz.se\/wp-content\/uploads\/2025\/07\/YSJF-2025-Jazzparad-Fotot-Markus-Fagersten-7-1365x2048.jpg 1365w, https:\/\/bildbank.ystadjazz.se\/wp-content\/uploads\/2025\/07\/YSJF-2025-Jazzparad-Fotot-Markus-Fagersten-7.jpg 1680w\" sizes=\"auto, (max-width: 200px) 100vw, 200px\" \/><\/a><\/dt>\n\t\t\t\t\t\t<dd class='gallery-caption'>Yazz Parade 2025 &#8211; NB! Brass Band Photo: Marcus F\u00e4gersten<\/dd>\n\t\t\t\t\t<\/dl>\n\t\t\t\t\t<dl class='gallery-item col-3'>\n\t\t\t\t\t\t<dt class='gallery-icon'><a href='https:\/\/bildbank.ystadjazz.se\/?attachment_id=6070'><img loading=\"lazy\" decoding=\"async\" width=\"200\" height=\"300\" src=\"https:\/\/bildbank.ystadjazz.se\/wp-content\/uploads\/2025\/07\/YSJF-2025-Jazzparad-Fotot-Markus-Fagersten-8-200x300.jpg\" class=\"attachment-medium size-medium\" alt=\"\" srcset=\"https:\/\/bildbank.ystadjazz.se\/wp-content\/uploads\/2025\/07\/YSJF-2025-Jazzparad-Fotot-Markus-Fagersten-8-200x300.jpg 200w, https:\/\/bildbank.ystadjazz.se\/wp-content\/uploads\/2025\/07\/YSJF-2025-Jazzparad-Fotot-Markus-Fagersten-8-683x1024.jpg 683w, https:\/\/bildbank.ystadjazz.se\/wp-content\/uploads\/2025\/07\/YSJF-2025-Jazzparad-Fotot-Markus-Fagersten-8-1024x1536.jpg 1024w, https:\/\/bildbank.ystadjazz.se\/wp-content\/uploads\/2025\/07\/YSJF-2025-Jazzparad-Fotot-Markus-Fagersten-8-1365x2048.jpg 1365w, https:\/\/bildbank.ystadjazz.se\/wp-content\/uploads\/2025\/07\/YSJF-2025-Jazzparad-Fotot-Markus-Fagersten-8.jpg 1680w\" sizes=\"auto, (max-width: 200px) 100vw, 200px\" \/><\/a><\/dt>\n\t\t\t\t\t\t<dd class='gallery-caption'>Yazz Parade 2025 &#8211; NB! Brass Band Photo: Marcus F\u00e4gersten<\/dd>\n\t\t\t\t\t<\/dl>\n\t\t\t\t\t<dl class='gallery-item col-3'>\n\t\t\t\t\t\t<dt class='gallery-icon'><a href='https:\/\/bildbank.ystadjazz.se\/?attachment_id=6072'><img loading=\"lazy\" decoding=\"async\" width=\"225\" height=\"300\" src=\"https:\/\/bildbank.ystadjazz.se\/wp-content\/uploads\/2025\/07\/IMG_5903-225x300.jpeg\" class=\"attachment-medium size-medium\" alt=\"\" srcset=\"https:\/\/bildbank.ystadjazz.se\/wp-content\/uploads\/2025\/07\/IMG_5903-225x300.jpeg 225w, https:\/\/bildbank.ystadjazz.se\/wp-content\/uploads\/2025\/07\/IMG_5903-768x1024.jpeg 768w, https:\/\/bildbank.ystadjazz.se\/wp-content\/uploads\/2025\/07\/IMG_5903-1152x1536.jpeg 1152w, https:\/\/bildbank.ystadjazz.se\/wp-content\/uploads\/2025\/07\/IMG_5903-1536x2048.jpeg 1536w, https:\/\/bildbank.ystadjazz.se\/wp-content\/uploads\/2025\/07\/IMG_5903.jpeg 1920w\" sizes=\"auto, (max-width: 225px) 100vw, 225px\" \/><\/a><\/dt>\n\t\t\t\t\t\t<dd class='gallery-caption'>Lilla \u00d6stergatan 3 2025-07-31 Photo: Ingrid Fredriksson<\/dd>\n\t\t\t\t\t<\/dl>\n\t\t\t\t<\/div>\n\t\t\t\t<div class='gallery-row gallery-clear'>\n\t\t\t\t\t<dl class='gallery-item col-3'>\n\t\t\t\t\t\t<dt class='gallery-icon'><a href='https:\/\/bildbank.ystadjazz.se\/?attachment_id=6073'><img loading=\"lazy\" decoding=\"async\" width=\"225\" height=\"300\" src=\"https:\/\/bildbank.ystadjazz.se\/wp-content\/uploads\/2025\/07\/IMG_5905-225x300.jpeg\" class=\"attachment-medium size-medium\" alt=\"\" srcset=\"https:\/\/bildbank.ystadjazz.se\/wp-content\/uploads\/2025\/07\/IMG_5905-225x300.jpeg 225w, https:\/\/bildbank.ystadjazz.se\/wp-content\/uploads\/2025\/07\/IMG_5905-768x1024.jpeg 768w, https:\/\/bildbank.ystadjazz.se\/wp-content\/uploads\/2025\/07\/IMG_5905-1152x1536.jpeg 1152w, https:\/\/bildbank.ystadjazz.se\/wp-content\/uploads\/2025\/07\/IMG_5905-1536x2048.jpeg 1536w, https:\/\/bildbank.ystadjazz.se\/wp-content\/uploads\/2025\/07\/IMG_5905.jpeg 1920w\" sizes=\"auto, (max-width: 225px) 100vw, 225px\" \/><\/a><\/dt>\n\t\t\t\t\t\t<dd class='gallery-caption'>Lilla \u00d6stergatan 3 2025-07-31 Photo: Ingrid Fredriksson<\/dd>\n\t\t\t\t\t<\/dl>\n\t\t\t\t\t<dl class='gallery-item col-3'>\n\t\t\t\t\t\t<dt class='gallery-icon'><a href='https:\/\/bildbank.ystadjazz.se\/?attachment_id=6074'><img loading=\"lazy\" decoding=\"async\" width=\"225\" height=\"300\" src=\"https:\/\/bildbank.ystadjazz.se\/wp-content\/uploads\/2025\/07\/IMG_5906-225x300.jpeg\" class=\"attachment-medium size-medium\" alt=\"\" srcset=\"https:\/\/bildbank.ystadjazz.se\/wp-content\/uploads\/2025\/07\/IMG_5906-225x300.jpeg 225w, https:\/\/bildbank.ystadjazz.se\/wp-content\/uploads\/2025\/07\/IMG_5906-768x1024.jpeg 768w, https:\/\/bildbank.ystadjazz.se\/wp-content\/uploads\/2025\/07\/IMG_5906-1152x1536.jpeg 1152w, https:\/\/bildbank.ystadjazz.se\/wp-content\/uploads\/2025\/07\/IMG_5906-1536x2048.jpeg 1536w, https:\/\/bildbank.ystadjazz.se\/wp-content\/uploads\/2025\/07\/IMG_5906.jpeg 1920w\" sizes=\"auto, (max-width: 225px) 100vw, 225px\" \/><\/a><\/dt>\n\t\t\t\t\t\t<dd class='gallery-caption'>Lilla \u00d6stergatan 3 2025-07-31 Photo: Ingrid Fredriksson<\/dd>\n\t\t\t\t\t<\/dl>\n\t\t\t\t\t<dl class='gallery-item col-3'>\n\t\t\t\t\t\t<dt class='gallery-icon'><a href='https:\/\/bildbank.ystadjazz.se\/?attachment_id=6075'><img loading=\"lazy\" decoding=\"async\" width=\"225\" height=\"300\" src=\"https:\/\/bildbank.ystadjazz.se\/wp-content\/uploads\/2025\/07\/IMG_5907-225x300.jpeg\" class=\"attachment-medium size-medium\" alt=\"\" srcset=\"https:\/\/bildbank.ystadjazz.se\/wp-content\/uploads\/2025\/07\/IMG_5907-225x300.jpeg 225w, https:\/\/bildbank.ystadjazz.se\/wp-content\/uploads\/2025\/07\/IMG_5907-768x1024.jpeg 768w, https:\/\/bildbank.ystadjazz.se\/wp-content\/uploads\/2025\/07\/IMG_5907-1152x1536.jpeg 1152w, https:\/\/bildbank.ystadjazz.se\/wp-content\/uploads\/2025\/07\/IMG_5907-1536x2048.jpeg 1536w, https:\/\/bildbank.ystadjazz.se\/wp-content\/uploads\/2025\/07\/IMG_5907.jpeg 1920w\" sizes=\"auto, (max-width: 225px) 100vw, 225px\" \/><\/a><\/dt>\n\t\t\t\t\t\t<dd class='gallery-caption'>Lilla \u00d6stergatan 3 2025-07-31 Photo: Ingrid Fredriksson<\/dd>\n\t\t\t\t\t<\/dl>\n\t\t\t\t<\/div>\n\t\t\t\t<div class='gallery-row gallery-clear'>\n\t\t\t\t\t<dl class='gallery-item col-3'>\n\t\t\t\t\t\t<dt class='gallery-icon'><a href='https:\/\/bildbank.ystadjazz.se\/?attachment_id=6076'><img loading=\"lazy\" decoding=\"async\" width=\"225\" height=\"300\" src=\"https:\/\/bildbank.ystadjazz.se\/wp-content\/uploads\/2025\/07\/IMG_5908-225x300.jpeg\" class=\"attachment-medium size-medium\" alt=\"\" srcset=\"https:\/\/bildbank.ystadjazz.se\/wp-content\/uploads\/2025\/07\/IMG_5908-225x300.jpeg 225w, https:\/\/bildbank.ystadjazz.se\/wp-content\/uploads\/2025\/07\/IMG_5908-768x1024.jpeg 768w, https:\/\/bildbank.ystadjazz.se\/wp-content\/uploads\/2025\/07\/IMG_5908-1152x1536.jpeg 1152w, https:\/\/bildbank.ystadjazz.se\/wp-content\/uploads\/2025\/07\/IMG_5908-1536x2048.jpeg 1536w, https:\/\/bildbank.ystadjazz.se\/wp-content\/uploads\/2025\/07\/IMG_5908.jpeg 1920w\" sizes=\"auto, (max-width: 225px) 100vw, 225px\" \/><\/a><\/dt>\n\t\t\t\t\t\t<dd class='gallery-caption'>Lilla \u00d6stergatan 3 2025-07-31 Photo: Ingrid Fredriksson<\/dd>\n\t\t\t\t\t<\/dl>\n\t\t\t\t\t<dl class='gallery-item col-3'>\n\t\t\t\t\t\t<dt class='gallery-icon'><a href='https:\/\/bildbank.ystadjazz.se\/?attachment_id=6162'><img loading=\"lazy\" decoding=\"async\" width=\"300\" height=\"230\" src=\"https:\/\/bildbank.ystadjazz.se\/wp-content\/uploads\/2025\/07\/YSJF2025_Jazzambassador-Beatrice-Jaras_Photo-Anna-Rylander-1-300x230.jpg\" class=\"attachment-medium size-medium\" alt=\"\" srcset=\"https:\/\/bildbank.ystadjazz.se\/wp-content\/uploads\/2025\/07\/YSJF2025_Jazzambassador-Beatrice-Jaras_Photo-Anna-Rylander-1-300x230.jpg 300w, https:\/\/bildbank.ystadjazz.se\/wp-content\/uploads\/2025\/07\/YSJF2025_Jazzambassador-Beatrice-Jaras_Photo-Anna-Rylander-1-1024x786.jpg 1024w, https:\/\/bildbank.ystadjazz.se\/wp-content\/uploads\/2025\/07\/YSJF2025_Jazzambassador-Beatrice-Jaras_Photo-Anna-Rylander-1-1536x1179.jpg 1536w, https:\/\/bildbank.ystadjazz.se\/wp-content\/uploads\/2025\/07\/YSJF2025_Jazzambassador-Beatrice-Jaras_Photo-Anna-Rylander-1-2048x1572.jpg 2048w\" sizes=\"auto, (max-width: 300px) 100vw, 300px\" \/><\/a><\/dt>\n\t\t\t\t\t\t<dd class='gallery-caption'>Thomas utser Beatrice J\u00e4r\u00e5s till Yazzambassad\u00f6r Photo: Anna Rylander<\/dd>\n\t\t\t\t\t<\/dl>\n\t\t\t\t\t<dl class='gallery-item col-3'>\n\t\t\t\t\t\t<dt class='gallery-icon'><a href='https:\/\/bildbank.ystadjazz.se\/?attachment_id=6163'><img loading=\"lazy\" decoding=\"async\" width=\"223\" height=\"300\" src=\"https:\/\/bildbank.ystadjazz.se\/wp-content\/uploads\/2025\/07\/YSJF2025_Jazzambassador-Beatrice-Jaras_Photo-Anna-Rylander-2-223x300.jpg\" class=\"attachment-medium size-medium\" alt=\"\" srcset=\"https:\/\/bildbank.ystadjazz.se\/wp-content\/uploads\/2025\/07\/YSJF2025_Jazzambassador-Beatrice-Jaras_Photo-Anna-Rylander-2-223x300.jpg 223w, https:\/\/bildbank.ystadjazz.se\/wp-content\/uploads\/2025\/07\/YSJF2025_Jazzambassador-Beatrice-Jaras_Photo-Anna-Rylander-2-762x1024.jpg 762w, https:\/\/bildbank.ystadjazz.se\/wp-content\/uploads\/2025\/07\/YSJF2025_Jazzambassador-Beatrice-Jaras_Photo-Anna-Rylander-2-1143x1536.jpg 1143w, https:\/\/bildbank.ystadjazz.se\/wp-content\/uploads\/2025\/07\/YSJF2025_Jazzambassador-Beatrice-Jaras_Photo-Anna-Rylander-2-1524x2048.jpg 1524w, https:\/\/bildbank.ystadjazz.se\/wp-content\/uploads\/2025\/07\/YSJF2025_Jazzambassador-Beatrice-Jaras_Photo-Anna-Rylander-2.jpg 1786w\" sizes=\"auto, (max-width: 223px) 100vw, 223px\" \/><\/a><\/dt>\n\t\t\t\t\t\t<dd class='gallery-caption'>Thomas utser Beatrice J\u00e4r\u00e5s till Yazzambassad\u00f6r Photo: Anna Rylander<\/dd>\n\t\t\t\t\t<\/dl>\n\t\t\t\t<\/div>\n\t\t\t\t<div class='gallery-row gallery-clear'>\n\t\t\t\t\t<dl class='gallery-item col-3'>\n\t\t\t\t\t\t<dt class='gallery-icon'><a href='https:\/\/bildbank.ystadjazz.se\/?attachment_id=6164'><img loading=\"lazy\" decoding=\"async\" width=\"300\" height=\"207\" src=\"https:\/\/bildbank.ystadjazz.se\/wp-content\/uploads\/2025\/07\/YSJF2025_Tornblasare-Roland-Borg-inviger_Photo-Anna-Rylander-300x207.jpg\" class=\"attachment-medium size-medium\" alt=\"\" srcset=\"https:\/\/bildbank.ystadjazz.se\/wp-content\/uploads\/2025\/07\/YSJF2025_Tornblasare-Roland-Borg-inviger_Photo-Anna-Rylander-300x207.jpg 300w, https:\/\/bildbank.ystadjazz.se\/wp-content\/uploads\/2025\/07\/YSJF2025_Tornblasare-Roland-Borg-inviger_Photo-Anna-Rylander-1024x707.jpg 1024w, https:\/\/bildbank.ystadjazz.se\/wp-content\/uploads\/2025\/07\/YSJF2025_Tornblasare-Roland-Borg-inviger_Photo-Anna-Rylander-1536x1060.jpg 1536w, https:\/\/bildbank.ystadjazz.se\/wp-content\/uploads\/2025\/07\/YSJF2025_Tornblasare-Roland-Borg-inviger_Photo-Anna-Rylander-2048x1414.jpg 2048w\" sizes=\"auto, (max-width: 300px) 100vw, 300px\" \/><\/a><\/dt>\n\t\t\t\t\t\t<dd class='gallery-caption'>Tornbl\u00e5sare Roland Borg inviger Photo: Anna Rylander<\/dd>\n\t\t\t\t\t<\/dl>\n\t\t\t\t\t<dl class='gallery-item col-3'>\n\t\t\t\t\t\t<dt class='gallery-icon'><a href='https:\/\/bildbank.ystadjazz.se\/?attachment_id=6166'><img loading=\"lazy\" decoding=\"async\" width=\"225\" height=\"300\" src=\"https:\/\/bildbank.ystadjazz.se\/wp-content\/uploads\/2025\/07\/7f967c74-edbd-4cd2-badb-ecfa084105e8-225x300.jpg\" class=\"attachment-medium size-medium\" alt=\"\" srcset=\"https:\/\/bildbank.ystadjazz.se\/wp-content\/uploads\/2025\/07\/7f967c74-edbd-4cd2-badb-ecfa084105e8-225x300.jpg 225w, https:\/\/bildbank.ystadjazz.se\/wp-content\/uploads\/2025\/07\/7f967c74-edbd-4cd2-badb-ecfa084105e8-768x1024.jpg 768w, https:\/\/bildbank.ystadjazz.se\/wp-content\/uploads\/2025\/07\/7f967c74-edbd-4cd2-badb-ecfa084105e8-1152x1536.jpg 1152w, https:\/\/bildbank.ystadjazz.se\/wp-content\/uploads\/2025\/07\/7f967c74-edbd-4cd2-badb-ecfa084105e8.jpg 1536w\" sizes=\"auto, (max-width: 225px) 100vw, 225px\" \/><\/a><\/dt>\n\t\t\t\t\t\t<dd class='gallery-caption'>T\u00e4ltupps\u00e4ttning Charlottenlund del 1 Photo: Lisa Nilsson<\/dd>\n\t\t\t\t\t<\/dl>\n\t\t\t\t\t<dl class='gallery-item col-3'>\n\t\t\t\t\t\t<dt class='gallery-icon'><a href='https:\/\/bildbank.ystadjazz.se\/?attachment_id=6167'><img loading=\"lazy\" decoding=\"async\" width=\"300\" height=\"225\" src=\"https:\/\/bildbank.ystadjazz.se\/wp-content\/uploads\/2025\/07\/031d9fbe-e02c-4c50-b174-819df7163f10-300x225.jpg\" class=\"attachment-medium size-medium\" alt=\"\" srcset=\"https:\/\/bildbank.ystadjazz.se\/wp-content\/uploads\/2025\/07\/031d9fbe-e02c-4c50-b174-819df7163f10-300x225.jpg 300w, https:\/\/bildbank.ystadjazz.se\/wp-content\/uploads\/2025\/07\/031d9fbe-e02c-4c50-b174-819df7163f10-1024x768.jpg 1024w, https:\/\/bildbank.ystadjazz.se\/wp-content\/uploads\/2025\/07\/031d9fbe-e02c-4c50-b174-819df7163f10-1536x1152.jpg 1536w, https:\/\/bildbank.ystadjazz.se\/wp-content\/uploads\/2025\/07\/031d9fbe-e02c-4c50-b174-819df7163f10.jpg 2048w\" sizes=\"auto, (max-width: 300px) 100vw, 300px\" \/><\/a><\/dt>\n\t\t\t\t\t\t<dd class='gallery-caption'>T\u00e4ltupps\u00e4ttning Charlottenlund del 2 Photo: Lisa Nilsson<\/dd>\n\t\t\t\t\t<\/dl>\n\t\t\t\t<\/div>\n\t\t\t\t<div class='gallery-row gallery-clear'>\n\t\t\t\t\t<dl class='gallery-item col-3'>\n\t\t\t\t\t\t<dt class='gallery-icon'><a href='https:\/\/bildbank.ystadjazz.se\/?attachment_id=6168'><img loading=\"lazy\" decoding=\"async\" width=\"225\" height=\"300\" src=\"https:\/\/bildbank.ystadjazz.se\/wp-content\/uploads\/2025\/07\/127eacc0-e513-4d5f-b197-2b455cd58ee4-225x300.jpg\" class=\"attachment-medium size-medium\" alt=\"\" srcset=\"https:\/\/bildbank.ystadjazz.se\/wp-content\/uploads\/2025\/07\/127eacc0-e513-4d5f-b197-2b455cd58ee4-225x300.jpg 225w, https:\/\/bildbank.ystadjazz.se\/wp-content\/uploads\/2025\/07\/127eacc0-e513-4d5f-b197-2b455cd58ee4-768x1024.jpg 768w, https:\/\/bildbank.ystadjazz.se\/wp-content\/uploads\/2025\/07\/127eacc0-e513-4d5f-b197-2b455cd58ee4-1152x1536.jpg 1152w, https:\/\/bildbank.ystadjazz.se\/wp-content\/uploads\/2025\/07\/127eacc0-e513-4d5f-b197-2b455cd58ee4.jpg 1536w\" sizes=\"auto, (max-width: 225px) 100vw, 225px\" \/><\/a><\/dt>\n\t\t\t\t\t\t<dd class='gallery-caption'>T\u00e4ltupps\u00e4ttning Charlottenlund del 3 Photo: Lisa Nilsson<\/dd>\n\t\t\t\t\t<\/dl>\n\t\t\t\t\t<dl class='gallery-item col-3'>\n\t\t\t\t\t\t<dt class='gallery-icon'><a href='https:\/\/bildbank.ystadjazz.se\/?attachment_id=6181'><img loading=\"lazy\" decoding=\"async\" width=\"225\" height=\"300\" src=\"https:\/\/bildbank.ystadjazz.se\/wp-content\/uploads\/2025\/07\/IMG_5873-225x300.jpeg\" class=\"attachment-medium size-medium\" alt=\"\" srcset=\"https:\/\/bildbank.ystadjazz.se\/wp-content\/uploads\/2025\/07\/IMG_5873-225x300.jpeg 225w, https:\/\/bildbank.ystadjazz.se\/wp-content\/uploads\/2025\/07\/IMG_5873-768x1024.jpeg 768w, https:\/\/bildbank.ystadjazz.se\/wp-content\/uploads\/2025\/07\/IMG_5873-1152x1536.jpeg 1152w, https:\/\/bildbank.ystadjazz.se\/wp-content\/uploads\/2025\/07\/IMG_5873-1536x2048.jpeg 1536w, https:\/\/bildbank.ystadjazz.se\/wp-content\/uploads\/2025\/07\/IMG_5873.jpeg 1920w\" sizes=\"auto, (max-width: 225px) 100vw, 225px\" \/><\/a><\/dt>\n\t\t\t\t\t\t<dd class='gallery-caption'>Alice &#038; Theo pimpade &#8221;Lilla T\u00e5get&#8221; Photo: Ingrid Fredriksson<\/dd>\n\t\t\t\t\t<\/dl>\n\t\t\t\t\t<dl class='gallery-item col-3'>\n\t\t\t\t\t\t<dt class='gallery-icon'><a href='https:\/\/bildbank.ystadjazz.se\/?attachment_id=6183'><img loading=\"lazy\" decoding=\"async\" width=\"225\" height=\"300\" src=\"https:\/\/bildbank.ystadjazz.se\/wp-content\/uploads\/2025\/07\/IMG_5914-225x300.jpeg\" class=\"attachment-medium size-medium\" alt=\"\" srcset=\"https:\/\/bildbank.ystadjazz.se\/wp-content\/uploads\/2025\/07\/IMG_5914-225x300.jpeg 225w, https:\/\/bildbank.ystadjazz.se\/wp-content\/uploads\/2025\/07\/IMG_5914-768x1024.jpeg 768w, https:\/\/bildbank.ystadjazz.se\/wp-content\/uploads\/2025\/07\/IMG_5914-1152x1536.jpeg 1152w, https:\/\/bildbank.ystadjazz.se\/wp-content\/uploads\/2025\/07\/IMG_5914-1536x2048.jpeg 1536w, https:\/\/bildbank.ystadjazz.se\/wp-content\/uploads\/2025\/07\/IMG_5914.jpeg 1920w\" sizes=\"auto, (max-width: 225px) 100vw, 225px\" \/><\/a><\/dt>\n\t\t\t\t\t\t<dd class='gallery-caption'>B\u00e4ckah\u00e4sten 2025-08-01 Photo: Ingrid Fredriksson<\/dd>\n\t\t\t\t\t<\/dl>\n\t\t\t\t<\/div>\n\t\t\t\t<div class='gallery-row gallery-clear'>\n\t\t\t\t\t<dl class='gallery-item col-3'>\n\t\t\t\t\t\t<dt class='gallery-icon'><a href='https:\/\/bildbank.ystadjazz.se\/?attachment_id=6184'><img loading=\"lazy\" decoding=\"async\" width=\"225\" height=\"300\" src=\"https:\/\/bildbank.ystadjazz.se\/wp-content\/uploads\/2025\/07\/IMG_5916-225x300.jpeg\" class=\"attachment-medium size-medium\" alt=\"\" srcset=\"https:\/\/bildbank.ystadjazz.se\/wp-content\/uploads\/2025\/07\/IMG_5916-225x300.jpeg 225w, https:\/\/bildbank.ystadjazz.se\/wp-content\/uploads\/2025\/07\/IMG_5916-768x1024.jpeg 768w, https:\/\/bildbank.ystadjazz.se\/wp-content\/uploads\/2025\/07\/IMG_5916-1152x1536.jpeg 1152w, https:\/\/bildbank.ystadjazz.se\/wp-content\/uploads\/2025\/07\/IMG_5916-1536x2048.jpeg 1536w, https:\/\/bildbank.ystadjazz.se\/wp-content\/uploads\/2025\/07\/IMG_5916.jpeg 1920w\" sizes=\"auto, (max-width: 225px) 100vw, 225px\" \/><\/a><\/dt>\n\t\t\t\t\t\t<dd class='gallery-caption'>B\u00e4ckah\u00e4sten 2025-08-01 Photo: Ingrid Fredriksson<\/dd>\n\t\t\t\t\t<\/dl>\n\t\t\t\t\t<dl class='gallery-item col-3'>\n\t\t\t\t\t\t<dt class='gallery-icon'><a href='https:\/\/bildbank.ystadjazz.se\/?attachment_id=6185'><img loading=\"lazy\" decoding=\"async\" width=\"225\" height=\"300\" src=\"https:\/\/bildbank.ystadjazz.se\/wp-content\/uploads\/2025\/07\/IMG_5920-225x300.jpeg\" class=\"attachment-medium size-medium\" alt=\"\" srcset=\"https:\/\/bildbank.ystadjazz.se\/wp-content\/uploads\/2025\/07\/IMG_5920-225x300.jpeg 225w, https:\/\/bildbank.ystadjazz.se\/wp-content\/uploads\/2025\/07\/IMG_5920-768x1024.jpeg 768w, https:\/\/bildbank.ystadjazz.se\/wp-content\/uploads\/2025\/07\/IMG_5920-1152x1536.jpeg 1152w, https:\/\/bildbank.ystadjazz.se\/wp-content\/uploads\/2025\/07\/IMG_5920-1536x2048.jpeg 1536w, https:\/\/bildbank.ystadjazz.se\/wp-content\/uploads\/2025\/07\/IMG_5920.jpeg 1920w\" sizes=\"auto, (max-width: 225px) 100vw, 225px\" \/><\/a><\/dt>\n\t\t\t\t\t\t<dd class='gallery-caption'>B\u00e4ckah\u00e4sten 2025-08-01 Photo: Ingrid Fredriksson<\/dd>\n\t\t\t\t\t<\/dl>\n\t\t\t\t\t<dl class='gallery-item col-3'>\n\t\t\t\t\t\t<dt class='gallery-icon'><a href='https:\/\/bildbank.ystadjazz.se\/?attachment_id=6189'><img loading=\"lazy\" decoding=\"async\" width=\"300\" height=\"300\" src=\"https:\/\/bildbank.ystadjazz.se\/wp-content\/uploads\/2025\/07\/20250801_140423-300x300.jpg\" class=\"attachment-medium size-medium\" alt=\"\" srcset=\"https:\/\/bildbank.ystadjazz.se\/wp-content\/uploads\/2025\/07\/20250801_140423-300x300.jpg 300w, https:\/\/bildbank.ystadjazz.se\/wp-content\/uploads\/2025\/07\/20250801_140423-150x150.jpg 150w, https:\/\/bildbank.ystadjazz.se\/wp-content\/uploads\/2025\/07\/20250801_140423-1024x1024.jpg 1024w, https:\/\/bildbank.ystadjazz.se\/wp-content\/uploads\/2025\/07\/20250801_140423-1536x1536.jpg 1536w, https:\/\/bildbank.ystadjazz.se\/wp-content\/uploads\/2025\/07\/20250801_140423-2048x2048.jpg 2048w, https:\/\/bildbank.ystadjazz.se\/wp-content\/uploads\/2025\/07\/20250801_140423-144x144.jpg 144w\" sizes=\"auto, (max-width: 300px) 100vw, 300px\" \/><\/a><\/dt>\n\t\t\t\t\t\t<dd class='gallery-caption'>B\u00e4ckah\u00e4sten 2025-08-01 Photo: Charlotta Blom<\/dd>\n\t\t\t\t\t<\/dl>\n\t\t\t\t<\/div>\n\t\t\t\t<div class='gallery-row gallery-clear'>\n\t\t\t\t\t<dl class='gallery-item col-3'>\n\t\t\t\t\t\t<dt class='gallery-icon'><a href='https:\/\/bildbank.ystadjazz.se\/?attachment_id=6191'><img loading=\"lazy\" decoding=\"async\" width=\"300\" height=\"200\" src=\"https:\/\/bildbank.ystadjazz.se\/wp-content\/uploads\/2025\/07\/YAzz-Parade-2025-NB-Brass-Band_Photo_Anna-Rylander-01-300x200.jpg\" class=\"attachment-medium size-medium\" alt=\"\" srcset=\"https:\/\/bildbank.ystadjazz.se\/wp-content\/uploads\/2025\/07\/YAzz-Parade-2025-NB-Brass-Band_Photo_Anna-Rylander-01-300x200.jpg 300w, https:\/\/bildbank.ystadjazz.se\/wp-content\/uploads\/2025\/07\/YAzz-Parade-2025-NB-Brass-Band_Photo_Anna-Rylander-01-1024x682.jpg 1024w, https:\/\/bildbank.ystadjazz.se\/wp-content\/uploads\/2025\/07\/YAzz-Parade-2025-NB-Brass-Band_Photo_Anna-Rylander-01-1536x1024.jpg 1536w, https:\/\/bildbank.ystadjazz.se\/wp-content\/uploads\/2025\/07\/YAzz-Parade-2025-NB-Brass-Band_Photo_Anna-Rylander-01-2048x1365.jpg 2048w\" sizes=\"auto, (max-width: 300px) 100vw, 300px\" \/><\/a><\/dt>\n\t\t\t\t\t\t<dd class='gallery-caption'>YAzz Parade 2025 &#8211; NB! Brass Band Photo; Anna Rylander<\/dd>\n\t\t\t\t\t<\/dl>\n\t\t\t\t\t<dl class='gallery-item col-3'>\n\t\t\t\t\t\t<dt class='gallery-icon'><a href='https:\/\/bildbank.ystadjazz.se\/?attachment_id=6192'><img loading=\"lazy\" decoding=\"async\" width=\"300\" height=\"171\" src=\"https:\/\/bildbank.ystadjazz.se\/wp-content\/uploads\/2025\/07\/YAzz-Parade-2025-NB-Brass-Band_Photo_Anna-Rylander-02-300x171.jpg\" class=\"attachment-medium size-medium\" alt=\"\" srcset=\"https:\/\/bildbank.ystadjazz.se\/wp-content\/uploads\/2025\/07\/YAzz-Parade-2025-NB-Brass-Band_Photo_Anna-Rylander-02-300x171.jpg 300w, https:\/\/bildbank.ystadjazz.se\/wp-content\/uploads\/2025\/07\/YAzz-Parade-2025-NB-Brass-Band_Photo_Anna-Rylander-02-1024x584.jpg 1024w, https:\/\/bildbank.ystadjazz.se\/wp-content\/uploads\/2025\/07\/YAzz-Parade-2025-NB-Brass-Band_Photo_Anna-Rylander-02-1536x875.jpg 1536w, https:\/\/bildbank.ystadjazz.se\/wp-content\/uploads\/2025\/07\/YAzz-Parade-2025-NB-Brass-Band_Photo_Anna-Rylander-02-2048x1167.jpg 2048w\" sizes=\"auto, (max-width: 300px) 100vw, 300px\" \/><\/a><\/dt>\n\t\t\t\t\t\t<dd class='gallery-caption'>YAzz Parade 2025 &#8211; NB! Brass Band Photo; Anna Rylander<\/dd>\n\t\t\t\t\t<\/dl>\n\t\t\t\t\t<dl class='gallery-item col-3'>\n\t\t\t\t\t\t<dt class='gallery-icon'><a href='https:\/\/bildbank.ystadjazz.se\/?attachment_id=6193'><img loading=\"lazy\" decoding=\"async\" width=\"300\" height=\"200\" src=\"https:\/\/bildbank.ystadjazz.se\/wp-content\/uploads\/2025\/07\/YAzz-Parade-2025-NB-Brass-Band_Photo_Anna-Rylander-03-300x200.jpg\" class=\"attachment-medium size-medium\" alt=\"\" srcset=\"https:\/\/bildbank.ystadjazz.se\/wp-content\/uploads\/2025\/07\/YAzz-Parade-2025-NB-Brass-Band_Photo_Anna-Rylander-03-300x200.jpg 300w, https:\/\/bildbank.ystadjazz.se\/wp-content\/uploads\/2025\/07\/YAzz-Parade-2025-NB-Brass-Band_Photo_Anna-Rylander-03-1024x682.jpg 1024w, https:\/\/bildbank.ystadjazz.se\/wp-content\/uploads\/2025\/07\/YAzz-Parade-2025-NB-Brass-Band_Photo_Anna-Rylander-03-1536x1024.jpg 1536w, https:\/\/bildbank.ystadjazz.se\/wp-content\/uploads\/2025\/07\/YAzz-Parade-2025-NB-Brass-Band_Photo_Anna-Rylander-03-2048x1365.jpg 2048w\" sizes=\"auto, (max-width: 300px) 100vw, 300px\" \/><\/a><\/dt>\n\t\t\t\t\t\t<dd class='gallery-caption'>YAzz Parade 2025 &#8211; NB! Brass Band Photo; Anna Rylander<\/dd>\n\t\t\t\t\t<\/dl>\n\t\t\t\t<\/div>\n\t\t\t\t<div class='gallery-row gallery-clear'>\n\t\t\t\t\t<dl class='gallery-item col-3'>\n\t\t\t\t\t\t<dt class='gallery-icon'><a href='https:\/\/bildbank.ystadjazz.se\/?attachment_id=6194'><img loading=\"lazy\" decoding=\"async\" width=\"300\" height=\"226\" src=\"https:\/\/bildbank.ystadjazz.se\/wp-content\/uploads\/2025\/07\/YAzz-Parade-2025-NB-Brass-Band_Photo_Anna-Rylander-04-300x226.jpg\" class=\"attachment-medium size-medium\" alt=\"\" srcset=\"https:\/\/bildbank.ystadjazz.se\/wp-content\/uploads\/2025\/07\/YAzz-Parade-2025-NB-Brass-Band_Photo_Anna-Rylander-04-300x226.jpg 300w, https:\/\/bildbank.ystadjazz.se\/wp-content\/uploads\/2025\/07\/YAzz-Parade-2025-NB-Brass-Band_Photo_Anna-Rylander-04-1024x773.jpg 1024w, https:\/\/bildbank.ystadjazz.se\/wp-content\/uploads\/2025\/07\/YAzz-Parade-2025-NB-Brass-Band_Photo_Anna-Rylander-04-1536x1159.jpg 1536w, https:\/\/bildbank.ystadjazz.se\/wp-content\/uploads\/2025\/07\/YAzz-Parade-2025-NB-Brass-Band_Photo_Anna-Rylander-04-2048x1546.jpg 2048w\" sizes=\"auto, (max-width: 300px) 100vw, 300px\" \/><\/a><\/dt>\n\t\t\t\t\t\t<dd class='gallery-caption'>YAzz Parade 2025 &#8211; NB! Brass Band Photo; Anna Rylander<\/dd>\n\t\t\t\t\t<\/dl>\n\t\t\t\t\t<dl class='gallery-item col-3'>\n\t\t\t\t\t\t<dt class='gallery-icon'><a href='https:\/\/bildbank.ystadjazz.se\/?attachment_id=6195'><img loading=\"lazy\" decoding=\"async\" width=\"300\" height=\"200\" src=\"https:\/\/bildbank.ystadjazz.se\/wp-content\/uploads\/2025\/07\/YAzz-Parade-2025-NB-Brass-Band_Photo_Anna-Rylander-07-300x200.jpg\" class=\"attachment-medium size-medium\" alt=\"\" srcset=\"https:\/\/bildbank.ystadjazz.se\/wp-content\/uploads\/2025\/07\/YAzz-Parade-2025-NB-Brass-Band_Photo_Anna-Rylander-07-300x200.jpg 300w, https:\/\/bildbank.ystadjazz.se\/wp-content\/uploads\/2025\/07\/YAzz-Parade-2025-NB-Brass-Band_Photo_Anna-Rylander-07-1024x682.jpg 1024w, https:\/\/bildbank.ystadjazz.se\/wp-content\/uploads\/2025\/07\/YAzz-Parade-2025-NB-Brass-Band_Photo_Anna-Rylander-07-1536x1024.jpg 1536w, https:\/\/bildbank.ystadjazz.se\/wp-content\/uploads\/2025\/07\/YAzz-Parade-2025-NB-Brass-Band_Photo_Anna-Rylander-07-2048x1365.jpg 2048w\" sizes=\"auto, (max-width: 300px) 100vw, 300px\" \/><\/a><\/dt>\n\t\t\t\t\t\t<dd class='gallery-caption'>YAzz Parade 2025 &#8211; NB! Brass Band Photo; Anna Rylander<\/dd>\n\t\t\t\t\t<\/dl>\n\t\t\t\t\t<dl class='gallery-item col-3'>\n\t\t\t\t\t\t<dt class='gallery-icon'><a href='https:\/\/bildbank.ystadjazz.se\/?attachment_id=6196'><img loading=\"lazy\" decoding=\"async\" width=\"300\" height=\"200\" src=\"https:\/\/bildbank.ystadjazz.se\/wp-content\/uploads\/2025\/07\/YAzz-Parade-2025-NB-Brass-Band_Photo_Anna-Rylander-08-300x200.jpg\" class=\"attachment-medium size-medium\" alt=\"\" srcset=\"https:\/\/bildbank.ystadjazz.se\/wp-content\/uploads\/2025\/07\/YAzz-Parade-2025-NB-Brass-Band_Photo_Anna-Rylander-08-300x200.jpg 300w, https:\/\/bildbank.ystadjazz.se\/wp-content\/uploads\/2025\/07\/YAzz-Parade-2025-NB-Brass-Band_Photo_Anna-Rylander-08-1024x682.jpg 1024w, https:\/\/bildbank.ystadjazz.se\/wp-content\/uploads\/2025\/07\/YAzz-Parade-2025-NB-Brass-Band_Photo_Anna-Rylander-08-1536x1024.jpg 1536w, https:\/\/bildbank.ystadjazz.se\/wp-content\/uploads\/2025\/07\/YAzz-Parade-2025-NB-Brass-Band_Photo_Anna-Rylander-08-2048x1365.jpg 2048w\" sizes=\"auto, (max-width: 300px) 100vw, 300px\" \/><\/a><\/dt>\n\t\t\t\t\t\t<dd class='gallery-caption'>YAzz Parade 2025 &#8211; NB! Brass Band Photo; Anna Rylander<\/dd>\n\t\t\t\t\t<\/dl>\n\t\t\t\t<\/div>\n\t\t\t\t<div class='gallery-row gallery-clear'>\n\t\t\t\t\t<dl class='gallery-item col-3'>\n\t\t\t\t\t\t<dt class='gallery-icon'><a href='https:\/\/bildbank.ystadjazz.se\/?attachment_id=6197'><img loading=\"lazy\" decoding=\"async\" width=\"300\" height=\"200\" src=\"https:\/\/bildbank.ystadjazz.se\/wp-content\/uploads\/2025\/07\/YAzz-Parade-2025-NB-Brass-Band_Photo_Anna-Rylander-09-300x200.jpg\" class=\"attachment-medium size-medium\" alt=\"\" srcset=\"https:\/\/bildbank.ystadjazz.se\/wp-content\/uploads\/2025\/07\/YAzz-Parade-2025-NB-Brass-Band_Photo_Anna-Rylander-09-300x200.jpg 300w, https:\/\/bildbank.ystadjazz.se\/wp-content\/uploads\/2025\/07\/YAzz-Parade-2025-NB-Brass-Band_Photo_Anna-Rylander-09-1024x682.jpg 1024w, https:\/\/bildbank.ystadjazz.se\/wp-content\/uploads\/2025\/07\/YAzz-Parade-2025-NB-Brass-Band_Photo_Anna-Rylander-09-1536x1024.jpg 1536w, https:\/\/bildbank.ystadjazz.se\/wp-content\/uploads\/2025\/07\/YAzz-Parade-2025-NB-Brass-Band_Photo_Anna-Rylander-09-2048x1365.jpg 2048w\" sizes=\"auto, (max-width: 300px) 100vw, 300px\" \/><\/a><\/dt>\n\t\t\t\t\t\t<dd class='gallery-caption'>YAzz Parade 2025 &#8211; NB! Brass Band Photo; Anna Rylander<\/dd>\n\t\t\t\t\t<\/dl>\n\t\t\t\t\t<dl class='gallery-item col-3'>\n\t\t\t\t\t\t<dt class='gallery-icon'><a href='https:\/\/bildbank.ystadjazz.se\/?attachment_id=6198'><img loading=\"lazy\" decoding=\"async\" width=\"200\" height=\"300\" src=\"https:\/\/bildbank.ystadjazz.se\/wp-content\/uploads\/2025\/07\/YAzz-Parade-2025-NB-Brass-Band_Photo_Anna-Rylander-12-200x300.jpg\" class=\"attachment-medium size-medium\" alt=\"\" srcset=\"https:\/\/bildbank.ystadjazz.se\/wp-content\/uploads\/2025\/07\/YAzz-Parade-2025-NB-Brass-Band_Photo_Anna-Rylander-12-200x300.jpg 200w, https:\/\/bildbank.ystadjazz.se\/wp-content\/uploads\/2025\/07\/YAzz-Parade-2025-NB-Brass-Band_Photo_Anna-Rylander-12-682x1024.jpg 682w, https:\/\/bildbank.ystadjazz.se\/wp-content\/uploads\/2025\/07\/YAzz-Parade-2025-NB-Brass-Band_Photo_Anna-Rylander-12-1024x1536.jpg 1024w, https:\/\/bildbank.ystadjazz.se\/wp-content\/uploads\/2025\/07\/YAzz-Parade-2025-NB-Brass-Band_Photo_Anna-Rylander-12-1365x2048.jpg 1365w, https:\/\/bildbank.ystadjazz.se\/wp-content\/uploads\/2025\/07\/YAzz-Parade-2025-NB-Brass-Band_Photo_Anna-Rylander-12.jpg 1706w\" sizes=\"auto, (max-width: 200px) 100vw, 200px\" \/><\/a><\/dt>\n\t\t\t\t\t\t<dd class='gallery-caption'>YAzz Parade 2025 &#8211; NB! Brass Band Photo; Anna Rylander<\/dd>\n\t\t\t\t\t<\/dl>\n\t\t\t\t\t<dl class='gallery-item col-3'>\n\t\t\t\t\t\t<dt class='gallery-icon'><a href='https:\/\/bildbank.ystadjazz.se\/?attachment_id=6199'><img loading=\"lazy\" decoding=\"async\" width=\"300\" height=\"200\" src=\"https:\/\/bildbank.ystadjazz.se\/wp-content\/uploads\/2025\/07\/YAzz-Parade-2025-NB-Brass-Band_Photo_Anna-Rylander-13-300x200.jpg\" class=\"attachment-medium size-medium\" alt=\"\" srcset=\"https:\/\/bildbank.ystadjazz.se\/wp-content\/uploads\/2025\/07\/YAzz-Parade-2025-NB-Brass-Band_Photo_Anna-Rylander-13-300x200.jpg 300w, https:\/\/bildbank.ystadjazz.se\/wp-content\/uploads\/2025\/07\/YAzz-Parade-2025-NB-Brass-Band_Photo_Anna-Rylander-13-1024x682.jpg 1024w, https:\/\/bildbank.ystadjazz.se\/wp-content\/uploads\/2025\/07\/YAzz-Parade-2025-NB-Brass-Band_Photo_Anna-Rylander-13-1536x1024.jpg 1536w, https:\/\/bildbank.ystadjazz.se\/wp-content\/uploads\/2025\/07\/YAzz-Parade-2025-NB-Brass-Band_Photo_Anna-Rylander-13-2048x1365.jpg 2048w\" sizes=\"auto, (max-width: 300px) 100vw, 300px\" \/><\/a><\/dt>\n\t\t\t\t\t\t<dd class='gallery-caption'>YAzz Parade 2025 &#8211; NB! Brass Band Photo; Anna Rylander<\/dd>\n\t\t\t\t\t<\/dl>\n\t\t\t\t<\/div>\n\t\t\t\t<div class='gallery-row gallery-clear'>\n\t\t\t\t\t<dl class='gallery-item col-3'>\n\t\t\t\t\t\t<dt class='gallery-icon'><a href='https:\/\/bildbank.ystadjazz.se\/?attachment_id=6200'><img loading=\"lazy\" decoding=\"async\" width=\"300\" height=\"200\" src=\"https:\/\/bildbank.ystadjazz.se\/wp-content\/uploads\/2025\/07\/YAzz-Parade-2025-NB-Brass-Band_Photo_Anna-Rylander-14-300x200.jpg\" class=\"attachment-medium size-medium\" alt=\"\" srcset=\"https:\/\/bildbank.ystadjazz.se\/wp-content\/uploads\/2025\/07\/YAzz-Parade-2025-NB-Brass-Band_Photo_Anna-Rylander-14-300x200.jpg 300w, https:\/\/bildbank.ystadjazz.se\/wp-content\/uploads\/2025\/07\/YAzz-Parade-2025-NB-Brass-Band_Photo_Anna-Rylander-14-1024x682.jpg 1024w, https:\/\/bildbank.ystadjazz.se\/wp-content\/uploads\/2025\/07\/YAzz-Parade-2025-NB-Brass-Band_Photo_Anna-Rylander-14-1536x1024.jpg 1536w, https:\/\/bildbank.ystadjazz.se\/wp-content\/uploads\/2025\/07\/YAzz-Parade-2025-NB-Brass-Band_Photo_Anna-Rylander-14-2048x1365.jpg 2048w\" sizes=\"auto, (max-width: 300px) 100vw, 300px\" \/><\/a><\/dt>\n\t\t\t\t\t\t<dd class='gallery-caption'>YAzz Parade 2025 &#8211; NB! Brass Band Photo; Anna Rylander<\/dd>\n\t\t\t\t\t<\/dl>\n\t\t\t\t\t<dl class='gallery-item col-3'>\n\t\t\t\t\t\t<dt class='gallery-icon'><a href='https:\/\/bildbank.ystadjazz.se\/?attachment_id=6201'><img loading=\"lazy\" decoding=\"async\" width=\"300\" height=\"200\" src=\"https:\/\/bildbank.ystadjazz.se\/wp-content\/uploads\/2025\/07\/YAzz-Parade-2025-NB-Brass-Band_Photo_Anna-Rylander-15-300x200.jpg\" class=\"attachment-medium size-medium\" alt=\"\" srcset=\"https:\/\/bildbank.ystadjazz.se\/wp-content\/uploads\/2025\/07\/YAzz-Parade-2025-NB-Brass-Band_Photo_Anna-Rylander-15-300x200.jpg 300w, https:\/\/bildbank.ystadjazz.se\/wp-content\/uploads\/2025\/07\/YAzz-Parade-2025-NB-Brass-Band_Photo_Anna-Rylander-15-1024x682.jpg 1024w, https:\/\/bildbank.ystadjazz.se\/wp-content\/uploads\/2025\/07\/YAzz-Parade-2025-NB-Brass-Band_Photo_Anna-Rylander-15-1536x1024.jpg 1536w, https:\/\/bildbank.ystadjazz.se\/wp-content\/uploads\/2025\/07\/YAzz-Parade-2025-NB-Brass-Band_Photo_Anna-Rylander-15-2048x1365.jpg 2048w\" sizes=\"auto, (max-width: 300px) 100vw, 300px\" \/><\/a><\/dt>\n\t\t\t\t\t\t<dd class='gallery-caption'>YAzz Parade 2025 &#8211; NB! Brass Band Photo; Anna Rylander<\/dd>\n\t\t\t\t\t<\/dl>\n\t\t\t\t\t<dl class='gallery-item col-3'>\n\t\t\t\t\t\t<dt class='gallery-icon'><a href='https:\/\/bildbank.ystadjazz.se\/?attachment_id=6202'><img loading=\"lazy\" decoding=\"async\" width=\"300\" height=\"200\" src=\"https:\/\/bildbank.ystadjazz.se\/wp-content\/uploads\/2025\/07\/YAzz-Parade-2025-NB-Brass-Band_Photo_Anna-Rylander-16-300x200.jpg\" class=\"attachment-medium size-medium\" alt=\"\" srcset=\"https:\/\/bildbank.ystadjazz.se\/wp-content\/uploads\/2025\/07\/YAzz-Parade-2025-NB-Brass-Band_Photo_Anna-Rylander-16-300x200.jpg 300w, https:\/\/bildbank.ystadjazz.se\/wp-content\/uploads\/2025\/07\/YAzz-Parade-2025-NB-Brass-Band_Photo_Anna-Rylander-16-1024x682.jpg 1024w, https:\/\/bildbank.ystadjazz.se\/wp-content\/uploads\/2025\/07\/YAzz-Parade-2025-NB-Brass-Band_Photo_Anna-Rylander-16-1536x1024.jpg 1536w, https:\/\/bildbank.ystadjazz.se\/wp-content\/uploads\/2025\/07\/YAzz-Parade-2025-NB-Brass-Band_Photo_Anna-Rylander-16-2048x1365.jpg 2048w\" sizes=\"auto, (max-width: 300px) 100vw, 300px\" \/><\/a><\/dt>\n\t\t\t\t\t\t<dd class='gallery-caption'>YAzz Parade 2025 &#8211; NB! Brass Band Photo; Anna Rylander<\/dd>\n\t\t\t\t\t<\/dl>\n\t\t\t\t<\/div>\n\t\t\t\t<div class='gallery-row gallery-clear'>\n\t\t\t\t\t<dl class='gallery-item col-3'>\n\t\t\t\t\t\t<dt class='gallery-icon'><a href='https:\/\/bildbank.ystadjazz.se\/?attachment_id=6203'><img loading=\"lazy\" decoding=\"async\" width=\"200\" height=\"300\" src=\"https:\/\/bildbank.ystadjazz.se\/wp-content\/uploads\/2025\/07\/YAzz-Parade-2025-NB-Brass-Band_Photo_Anna-Rylander-19-200x300.jpg\" class=\"attachment-medium size-medium\" alt=\"\" srcset=\"https:\/\/bildbank.ystadjazz.se\/wp-content\/uploads\/2025\/07\/YAzz-Parade-2025-NB-Brass-Band_Photo_Anna-Rylander-19-200x300.jpg 200w, https:\/\/bildbank.ystadjazz.se\/wp-content\/uploads\/2025\/07\/YAzz-Parade-2025-NB-Brass-Band_Photo_Anna-Rylander-19-682x1024.jpg 682w, https:\/\/bildbank.ystadjazz.se\/wp-content\/uploads\/2025\/07\/YAzz-Parade-2025-NB-Brass-Band_Photo_Anna-Rylander-19-1024x1536.jpg 1024w, https:\/\/bildbank.ystadjazz.se\/wp-content\/uploads\/2025\/07\/YAzz-Parade-2025-NB-Brass-Band_Photo_Anna-Rylander-19-1365x2048.jpg 1365w, https:\/\/bildbank.ystadjazz.se\/wp-content\/uploads\/2025\/07\/YAzz-Parade-2025-NB-Brass-Band_Photo_Anna-Rylander-19.jpg 1706w\" sizes=\"auto, (max-width: 200px) 100vw, 200px\" \/><\/a><\/dt>\n\t\t\t\t\t\t<dd class='gallery-caption'>YAzz Parade 2025 &#8211; NB! Brass Band Photo; Anna Rylander<\/dd>\n\t\t\t\t\t<\/dl>\n\t\t\t\t\t<dl class='gallery-item col-3'>\n\t\t\t\t\t\t<dt class='gallery-icon'><a href='https:\/\/bildbank.ystadjazz.se\/?attachment_id=6204'><img loading=\"lazy\" decoding=\"async\" width=\"300\" height=\"200\" src=\"https:\/\/bildbank.ystadjazz.se\/wp-content\/uploads\/2025\/07\/YAzz-Parade-2025-NB-Brass-Band_Photo_Anna-Rylander-20-300x200.jpg\" class=\"attachment-medium size-medium\" alt=\"\" srcset=\"https:\/\/bildbank.ystadjazz.se\/wp-content\/uploads\/2025\/07\/YAzz-Parade-2025-NB-Brass-Band_Photo_Anna-Rylander-20-300x200.jpg 300w, https:\/\/bildbank.ystadjazz.se\/wp-content\/uploads\/2025\/07\/YAzz-Parade-2025-NB-Brass-Band_Photo_Anna-Rylander-20-1024x682.jpg 1024w, https:\/\/bildbank.ystadjazz.se\/wp-content\/uploads\/2025\/07\/YAzz-Parade-2025-NB-Brass-Band_Photo_Anna-Rylander-20-1536x1024.jpg 1536w, https:\/\/bildbank.ystadjazz.se\/wp-content\/uploads\/2025\/07\/YAzz-Parade-2025-NB-Brass-Band_Photo_Anna-Rylander-20-2048x1365.jpg 2048w\" sizes=\"auto, (max-width: 300px) 100vw, 300px\" \/><\/a><\/dt>\n\t\t\t\t\t\t<dd class='gallery-caption'>YAzz Parade 2025 &#8211; NB! Brass Band Photo; Anna Rylander<\/dd>\n\t\t\t\t\t<\/dl>\n\t\t\t\t\t<dl class='gallery-item col-3'>\n\t\t\t\t\t\t<dt class='gallery-icon'><a href='https:\/\/bildbank.ystadjazz.se\/?attachment_id=6205'><img loading=\"lazy\" decoding=\"async\" width=\"300\" height=\"200\" src=\"https:\/\/bildbank.ystadjazz.se\/wp-content\/uploads\/2025\/07\/YAzz-Parade-2025-NB-Brass-Band_Photo_Anna-Rylander-21-300x200.jpg\" class=\"attachment-medium size-medium\" alt=\"\" srcset=\"https:\/\/bildbank.ystadjazz.se\/wp-content\/uploads\/2025\/07\/YAzz-Parade-2025-NB-Brass-Band_Photo_Anna-Rylander-21-300x200.jpg 300w, https:\/\/bildbank.ystadjazz.se\/wp-content\/uploads\/2025\/07\/YAzz-Parade-2025-NB-Brass-Band_Photo_Anna-Rylander-21-1024x682.jpg 1024w, https:\/\/bildbank.ystadjazz.se\/wp-content\/uploads\/2025\/07\/YAzz-Parade-2025-NB-Brass-Band_Photo_Anna-Rylander-21-1536x1024.jpg 1536w, https:\/\/bildbank.ystadjazz.se\/wp-content\/uploads\/2025\/07\/YAzz-Parade-2025-NB-Brass-Band_Photo_Anna-Rylander-21-2048x1365.jpg 2048w\" sizes=\"auto, (max-width: 300px) 100vw, 300px\" \/><\/a><\/dt>\n\t\t\t\t\t\t<dd class='gallery-caption'>YAzz Parade 2025 &#8211; NB! Brass Band Photo; Anna Rylander<\/dd>\n\t\t\t\t\t<\/dl>\n\t\t\t\t<\/div>\n\t\t\t\t<div class='gallery-row gallery-clear'>\n\t\t\t\t\t<dl class='gallery-item col-3'>\n\t\t\t\t\t\t<dt class='gallery-icon'><a href='https:\/\/bildbank.ystadjazz.se\/?attachment_id=6207'><img loading=\"lazy\" decoding=\"async\" width=\"225\" height=\"300\" src=\"https:\/\/bildbank.ystadjazz.se\/wp-content\/uploads\/2025\/07\/Lisa-Nilsson-2-photo-Cecilia-Persson-225x300.jpg\" class=\"attachment-medium size-medium\" alt=\"\" srcset=\"https:\/\/bildbank.ystadjazz.se\/wp-content\/uploads\/2025\/07\/Lisa-Nilsson-2-photo-Cecilia-Persson-225x300.jpg 225w, https:\/\/bildbank.ystadjazz.se\/wp-content\/uploads\/2025\/07\/Lisa-Nilsson-2-photo-Cecilia-Persson-768x1024.jpg 768w, https:\/\/bildbank.ystadjazz.se\/wp-content\/uploads\/2025\/07\/Lisa-Nilsson-2-photo-Cecilia-Persson-1152x1536.jpg 1152w, https:\/\/bildbank.ystadjazz.se\/wp-content\/uploads\/2025\/07\/Lisa-Nilsson-2-photo-Cecilia-Persson-1536x2048.jpg 1536w, https:\/\/bildbank.ystadjazz.se\/wp-content\/uploads\/2025\/07\/Lisa-Nilsson-2-photo-Cecilia-Persson.jpg 1920w\" sizes=\"auto, (max-width: 225px) 100vw, 225px\" \/><\/a><\/dt>\n\t\t\t\t\t\t<dd class='gallery-caption'>Lisa Nilsson Photo: Cecilia Persson<\/dd>\n\t\t\t\t\t<\/dl>\n\t\t\t\t\t<dl class='gallery-item col-3'>\n\t\t\t\t\t\t<dt class='gallery-icon'><a href='https:\/\/bildbank.ystadjazz.se\/?attachment_id=6208'><img loading=\"lazy\" decoding=\"async\" width=\"225\" height=\"300\" src=\"https:\/\/bildbank.ystadjazz.se\/wp-content\/uploads\/2025\/07\/Lisa-Nilsson-3-photo-Cecilia-Persson-225x300.jpg\" class=\"attachment-medium size-medium\" alt=\"\" srcset=\"https:\/\/bildbank.ystadjazz.se\/wp-content\/uploads\/2025\/07\/Lisa-Nilsson-3-photo-Cecilia-Persson-225x300.jpg 225w, https:\/\/bildbank.ystadjazz.se\/wp-content\/uploads\/2025\/07\/Lisa-Nilsson-3-photo-Cecilia-Persson-768x1024.jpg 768w, https:\/\/bildbank.ystadjazz.se\/wp-content\/uploads\/2025\/07\/Lisa-Nilsson-3-photo-Cecilia-Persson-1152x1536.jpg 1152w, https:\/\/bildbank.ystadjazz.se\/wp-content\/uploads\/2025\/07\/Lisa-Nilsson-3-photo-Cecilia-Persson-1536x2048.jpg 1536w, https:\/\/bildbank.ystadjazz.se\/wp-content\/uploads\/2025\/07\/Lisa-Nilsson-3-photo-Cecilia-Persson.jpg 1920w\" sizes=\"auto, (max-width: 225px) 100vw, 225px\" \/><\/a><\/dt>\n\t\t\t\t\t\t<dd class='gallery-caption'>Lisa Nilsson Photo: Cecilia Persson<\/dd>\n\t\t\t\t\t<\/dl>\n\t\t\t\t\t<dl class='gallery-item col-3'>\n\t\t\t\t\t\t<dt class='gallery-icon'><a href='https:\/\/bildbank.ystadjazz.se\/?attachment_id=6209'><img loading=\"lazy\" decoding=\"async\" width=\"225\" height=\"300\" src=\"https:\/\/bildbank.ystadjazz.se\/wp-content\/uploads\/2025\/07\/Lisa-Nilsson-photo-Cecilia-Persson-225x300.jpg\" class=\"attachment-medium size-medium\" alt=\"\" srcset=\"https:\/\/bildbank.ystadjazz.se\/wp-content\/uploads\/2025\/07\/Lisa-Nilsson-photo-Cecilia-Persson-225x300.jpg 225w, https:\/\/bildbank.ystadjazz.se\/wp-content\/uploads\/2025\/07\/Lisa-Nilsson-photo-Cecilia-Persson-768x1024.jpg 768w, https:\/\/bildbank.ystadjazz.se\/wp-content\/uploads\/2025\/07\/Lisa-Nilsson-photo-Cecilia-Persson-1152x1536.jpg 1152w, https:\/\/bildbank.ystadjazz.se\/wp-content\/uploads\/2025\/07\/Lisa-Nilsson-photo-Cecilia-Persson-1536x2048.jpg 1536w, https:\/\/bildbank.ystadjazz.se\/wp-content\/uploads\/2025\/07\/Lisa-Nilsson-photo-Cecilia-Persson.jpg 1920w\" sizes=\"auto, (max-width: 225px) 100vw, 225px\" \/><\/a><\/dt>\n\t\t\t\t\t\t<dd class='gallery-caption'>Lisa Nilsson Photo: Cecilia Persson<\/dd>\n\t\t\t\t\t<\/dl>\n\t\t\t\t<\/div>\n\t\t\t\t<div class='gallery-row gallery-clear'>\n\t\t\t\t\t<dl class='gallery-item col-3'>\n\t\t\t\t\t\t<dt class='gallery-icon'><a href='https:\/\/bildbank.ystadjazz.se\/?attachment_id=6211'><img loading=\"lazy\" decoding=\"async\" width=\"200\" height=\"300\" src=\"https:\/\/bildbank.ystadjazz.se\/wp-content\/uploads\/2025\/07\/YSJF2025_Jam-Session-_-Photo-Anna-Rylander-3-200x300.jpg\" class=\"attachment-medium size-medium\" alt=\"\" srcset=\"https:\/\/bildbank.ystadjazz.se\/wp-content\/uploads\/2025\/07\/YSJF2025_Jam-Session-_-Photo-Anna-Rylander-3-200x300.jpg 200w, https:\/\/bildbank.ystadjazz.se\/wp-content\/uploads\/2025\/07\/YSJF2025_Jam-Session-_-Photo-Anna-Rylander-3-682x1024.jpg 682w, https:\/\/bildbank.ystadjazz.se\/wp-content\/uploads\/2025\/07\/YSJF2025_Jam-Session-_-Photo-Anna-Rylander-3-1024x1536.jpg 1024w, https:\/\/bildbank.ystadjazz.se\/wp-content\/uploads\/2025\/07\/YSJF2025_Jam-Session-_-Photo-Anna-Rylander-3-1365x2048.jpg 1365w, https:\/\/bildbank.ystadjazz.se\/wp-content\/uploads\/2025\/07\/YSJF2025_Jam-Session-_-Photo-Anna-Rylander-3.jpg 1706w\" sizes=\"auto, (max-width: 200px) 100vw, 200px\" \/><\/a><\/dt>\n\t\t\t\t\t\t<dd class='gallery-caption'>YSJF2025 Jam Session Photo: Anna Rylander<\/dd>\n\t\t\t\t\t<\/dl>\n\t\t\t\t\t<dl class='gallery-item col-3'>\n\t\t\t\t\t\t<dt class='gallery-icon'><a href='https:\/\/bildbank.ystadjazz.se\/?attachment_id=6212'><img loading=\"lazy\" decoding=\"async\" width=\"300\" height=\"200\" src=\"https:\/\/bildbank.ystadjazz.se\/wp-content\/uploads\/2025\/07\/YSJF2025_Jam-Session-_-Photo-Anna-Rylander-4-300x200.jpg\" class=\"attachment-medium size-medium\" alt=\"\" srcset=\"https:\/\/bildbank.ystadjazz.se\/wp-content\/uploads\/2025\/07\/YSJF2025_Jam-Session-_-Photo-Anna-Rylander-4-300x200.jpg 300w, https:\/\/bildbank.ystadjazz.se\/wp-content\/uploads\/2025\/07\/YSJF2025_Jam-Session-_-Photo-Anna-Rylander-4-1024x682.jpg 1024w, https:\/\/bildbank.ystadjazz.se\/wp-content\/uploads\/2025\/07\/YSJF2025_Jam-Session-_-Photo-Anna-Rylander-4-1536x1024.jpg 1536w, https:\/\/bildbank.ystadjazz.se\/wp-content\/uploads\/2025\/07\/YSJF2025_Jam-Session-_-Photo-Anna-Rylander-4-2048x1365.jpg 2048w\" sizes=\"auto, (max-width: 300px) 100vw, 300px\" \/><\/a><\/dt>\n\t\t\t\t\t\t<dd class='gallery-caption'>YSJF2025 Jam Session Photo: Anna Rylander<\/dd>\n\t\t\t\t\t<\/dl>\n\t\t\t\t\t<dl class='gallery-item col-3'>\n\t\t\t\t\t\t<dt class='gallery-icon'><a href='https:\/\/bildbank.ystadjazz.se\/?attachment_id=6213'><img loading=\"lazy\" decoding=\"async\" width=\"300\" height=\"200\" src=\"https:\/\/bildbank.ystadjazz.se\/wp-content\/uploads\/2025\/07\/YSJF2025_Jam-Session-_-Photo-Anna-Rylander-6-300x200.jpg\" class=\"attachment-medium size-medium\" alt=\"\" srcset=\"https:\/\/bildbank.ystadjazz.se\/wp-content\/uploads\/2025\/07\/YSJF2025_Jam-Session-_-Photo-Anna-Rylander-6-300x200.jpg 300w, https:\/\/bildbank.ystadjazz.se\/wp-content\/uploads\/2025\/07\/YSJF2025_Jam-Session-_-Photo-Anna-Rylander-6-1024x682.jpg 1024w, https:\/\/bildbank.ystadjazz.se\/wp-content\/uploads\/2025\/07\/YSJF2025_Jam-Session-_-Photo-Anna-Rylander-6-1536x1024.jpg 1536w, https:\/\/bildbank.ystadjazz.se\/wp-content\/uploads\/2025\/07\/YSJF2025_Jam-Session-_-Photo-Anna-Rylander-6-2048x1365.jpg 2048w\" sizes=\"auto, (max-width: 300px) 100vw, 300px\" \/><\/a><\/dt>\n\t\t\t\t\t\t<dd class='gallery-caption'>YSJF2025 Jam Session Photo: Anna Rylander<\/dd>\n\t\t\t\t\t<\/dl>\n\t\t\t\t<\/div>\n\t\t\t\t<div class='gallery-row gallery-clear'>\n\t\t\t\t\t<dl class='gallery-item col-3'>\n\t\t\t\t\t\t<dt class='gallery-icon'><a href='https:\/\/bildbank.ystadjazz.se\/?attachment_id=6214'><img loading=\"lazy\" decoding=\"async\" width=\"300\" height=\"200\" src=\"https:\/\/bildbank.ystadjazz.se\/wp-content\/uploads\/2025\/07\/YSJF2025_Jam-Session-_Aaron-Mandelmann_-Photo-Anna-Rylander-2-300x200.jpg\" class=\"attachment-medium size-medium\" alt=\"\" srcset=\"https:\/\/bildbank.ystadjazz.se\/wp-content\/uploads\/2025\/07\/YSJF2025_Jam-Session-_Aaron-Mandelmann_-Photo-Anna-Rylander-2-300x200.jpg 300w, https:\/\/bildbank.ystadjazz.se\/wp-content\/uploads\/2025\/07\/YSJF2025_Jam-Session-_Aaron-Mandelmann_-Photo-Anna-Rylander-2-1024x682.jpg 1024w, https:\/\/bildbank.ystadjazz.se\/wp-content\/uploads\/2025\/07\/YSJF2025_Jam-Session-_Aaron-Mandelmann_-Photo-Anna-Rylander-2-1536x1024.jpg 1536w, https:\/\/bildbank.ystadjazz.se\/wp-content\/uploads\/2025\/07\/YSJF2025_Jam-Session-_Aaron-Mandelmann_-Photo-Anna-Rylander-2-2048x1365.jpg 2048w\" sizes=\"auto, (max-width: 300px) 100vw, 300px\" \/><\/a><\/dt>\n\t\t\t\t\t\t<dd class='gallery-caption'>YSJF2025 Jam Session Aaron Mandelmann Photo: Anna Rylander<\/dd>\n\t\t\t\t\t<\/dl>\n\t\t\t\t\t<dl class='gallery-item col-3'>\n\t\t\t\t\t\t<dt class='gallery-icon'><a href='https:\/\/bildbank.ystadjazz.se\/?attachment_id=6217'><img loading=\"lazy\" decoding=\"async\" width=\"300\" height=\"200\" src=\"https:\/\/bildbank.ystadjazz.se\/wp-content\/uploads\/2025\/07\/YSJF2025_Jam-Session-_Pontus-Haggblom_-Photo-Anna-Rylander-1-300x200.jpg\" class=\"attachment-medium size-medium\" alt=\"\" srcset=\"https:\/\/bildbank.ystadjazz.se\/wp-content\/uploads\/2025\/07\/YSJF2025_Jam-Session-_Pontus-Haggblom_-Photo-Anna-Rylander-1-300x200.jpg 300w, https:\/\/bildbank.ystadjazz.se\/wp-content\/uploads\/2025\/07\/YSJF2025_Jam-Session-_Pontus-Haggblom_-Photo-Anna-Rylander-1-1024x682.jpg 1024w, https:\/\/bildbank.ystadjazz.se\/wp-content\/uploads\/2025\/07\/YSJF2025_Jam-Session-_Pontus-Haggblom_-Photo-Anna-Rylander-1-1536x1024.jpg 1536w, https:\/\/bildbank.ystadjazz.se\/wp-content\/uploads\/2025\/07\/YSJF2025_Jam-Session-_Pontus-Haggblom_-Photo-Anna-Rylander-1-2048x1365.jpg 2048w\" sizes=\"auto, (max-width: 300px) 100vw, 300px\" \/><\/a><\/dt>\n\t\t\t\t\t\t<dd class='gallery-caption'>YSJF2025 Jam Session Pontus H\u00e4ggblom Photo: Anna Rylander<\/dd>\n\t\t\t\t\t<\/dl>\n\t\t\t\t\t<dl class='gallery-item col-3'>\n\t\t\t\t\t\t<dt class='gallery-icon'><a href='https:\/\/bildbank.ystadjazz.se\/?attachment_id=6219'><img loading=\"lazy\" decoding=\"async\" width=\"300\" height=\"200\" src=\"https:\/\/bildbank.ystadjazz.se\/wp-content\/uploads\/2025\/07\/YSJF-2025-Jam-Session-Fotograf-Markus-Fagersten-300x200.jpg\" class=\"attachment-medium size-medium\" alt=\"\" srcset=\"https:\/\/bildbank.ystadjazz.se\/wp-content\/uploads\/2025\/07\/YSJF-2025-Jam-Session-Fotograf-Markus-Fagersten-300x200.jpg 300w, https:\/\/bildbank.ystadjazz.se\/wp-content\/uploads\/2025\/07\/YSJF-2025-Jam-Session-Fotograf-Markus-Fagersten-1024x683.jpg 1024w, https:\/\/bildbank.ystadjazz.se\/wp-content\/uploads\/2025\/07\/YSJF-2025-Jam-Session-Fotograf-Markus-Fagersten-1536x1024.jpg 1536w, https:\/\/bildbank.ystadjazz.se\/wp-content\/uploads\/2025\/07\/YSJF-2025-Jam-Session-Fotograf-Markus-Fagersten-2048x1366.jpg 2048w\" sizes=\"auto, (max-width: 300px) 100vw, 300px\" \/><\/a><\/dt>\n\t\t\t\t\t\t<dd class='gallery-caption'>YSJF 2025 Jam Session Photo: Markus F\u00e4gersten<\/dd>\n\t\t\t\t\t<\/dl>\n\t\t\t\t<\/div>\n\t\t\t\t<div class='gallery-row gallery-clear'>\n\t\t\t\t\t<dl class='gallery-item col-3'>\n\t\t\t\t\t\t<dt class='gallery-icon'><a href='https:\/\/bildbank.ystadjazz.se\/?attachment_id=6220'><img loading=\"lazy\" decoding=\"async\" width=\"300\" height=\"200\" src=\"https:\/\/bildbank.ystadjazz.se\/wp-content\/uploads\/2025\/07\/YSJF-2025-Jam-Session-Fotograf-Markus-Fagersten-1-300x200.jpg\" class=\"attachment-medium size-medium\" alt=\"\" srcset=\"https:\/\/bildbank.ystadjazz.se\/wp-content\/uploads\/2025\/07\/YSJF-2025-Jam-Session-Fotograf-Markus-Fagersten-1-300x200.jpg 300w, https:\/\/bildbank.ystadjazz.se\/wp-content\/uploads\/2025\/07\/YSJF-2025-Jam-Session-Fotograf-Markus-Fagersten-1-1024x683.jpg 1024w, https:\/\/bildbank.ystadjazz.se\/wp-content\/uploads\/2025\/07\/YSJF-2025-Jam-Session-Fotograf-Markus-Fagersten-1-1536x1024.jpg 1536w, https:\/\/bildbank.ystadjazz.se\/wp-content\/uploads\/2025\/07\/YSJF-2025-Jam-Session-Fotograf-Markus-Fagersten-1-2048x1366.jpg 2048w\" sizes=\"auto, (max-width: 300px) 100vw, 300px\" \/><\/a><\/dt>\n\t\t\t\t\t\t<dd class='gallery-caption'>YSJF 2025 Jam Session Photo: Markus F\u00e4gersten<\/dd>\n\t\t\t\t\t<\/dl>\n\t\t\t\t\t<dl class='gallery-item col-3'>\n\t\t\t\t\t\t<dt class='gallery-icon'><a href='https:\/\/bildbank.ystadjazz.se\/?attachment_id=6221'><img loading=\"lazy\" decoding=\"async\" width=\"200\" height=\"300\" src=\"https:\/\/bildbank.ystadjazz.se\/wp-content\/uploads\/2025\/07\/YSJF-2025-Jam-Session-Fotograf-Markus-Fagersten-2-200x300.jpg\" class=\"attachment-medium size-medium\" alt=\"\" srcset=\"https:\/\/bildbank.ystadjazz.se\/wp-content\/uploads\/2025\/07\/YSJF-2025-Jam-Session-Fotograf-Markus-Fagersten-2-200x300.jpg 200w, https:\/\/bildbank.ystadjazz.se\/wp-content\/uploads\/2025\/07\/YSJF-2025-Jam-Session-Fotograf-Markus-Fagersten-2-683x1024.jpg 683w, https:\/\/bildbank.ystadjazz.se\/wp-content\/uploads\/2025\/07\/YSJF-2025-Jam-Session-Fotograf-Markus-Fagersten-2-1024x1536.jpg 1024w, https:\/\/bildbank.ystadjazz.se\/wp-content\/uploads\/2025\/07\/YSJF-2025-Jam-Session-Fotograf-Markus-Fagersten-2-1366x2048.jpg 1366w, https:\/\/bildbank.ystadjazz.se\/wp-content\/uploads\/2025\/07\/YSJF-2025-Jam-Session-Fotograf-Markus-Fagersten-2.jpg 1707w\" sizes=\"auto, (max-width: 200px) 100vw, 200px\" \/><\/a><\/dt>\n\t\t\t\t\t\t<dd class='gallery-caption'>YSJF 2025 Jam Session Photo: Markus F\u00e4gersten<\/dd>\n\t\t\t\t\t<\/dl>\n\t\t\t\t\t<dl class='gallery-item col-3'>\n\t\t\t\t\t\t<dt class='gallery-icon'><a href='https:\/\/bildbank.ystadjazz.se\/?attachment_id=6222'><img loading=\"lazy\" decoding=\"async\" width=\"200\" height=\"300\" src=\"https:\/\/bildbank.ystadjazz.se\/wp-content\/uploads\/2025\/07\/YSJF-2025-Jam-Session-Fotograf-Markus-Fagersten-3-200x300.jpg\" class=\"attachment-medium size-medium\" alt=\"\" srcset=\"https:\/\/bildbank.ystadjazz.se\/wp-content\/uploads\/2025\/07\/YSJF-2025-Jam-Session-Fotograf-Markus-Fagersten-3-200x300.jpg 200w, https:\/\/bildbank.ystadjazz.se\/wp-content\/uploads\/2025\/07\/YSJF-2025-Jam-Session-Fotograf-Markus-Fagersten-3-683x1024.jpg 683w, https:\/\/bildbank.ystadjazz.se\/wp-content\/uploads\/2025\/07\/YSJF-2025-Jam-Session-Fotograf-Markus-Fagersten-3-1024x1536.jpg 1024w, https:\/\/bildbank.ystadjazz.se\/wp-content\/uploads\/2025\/07\/YSJF-2025-Jam-Session-Fotograf-Markus-Fagersten-3-1366x2048.jpg 1366w, https:\/\/bildbank.ystadjazz.se\/wp-content\/uploads\/2025\/07\/YSJF-2025-Jam-Session-Fotograf-Markus-Fagersten-3.jpg 1707w\" sizes=\"auto, (max-width: 200px) 100vw, 200px\" \/><\/a><\/dt>\n\t\t\t\t\t\t<dd class='gallery-caption'>YSJF 2025 Jam Session Photo: Markus F\u00e4gersten<\/dd>\n\t\t\t\t\t<\/dl>\n\t\t\t\t<\/div>\n\t\t\t\t<div class='gallery-row gallery-clear'>\n\t\t\t\t\t<dl class='gallery-item col-3'>\n\t\t\t\t\t\t<dt class='gallery-icon'><a href='https:\/\/bildbank.ystadjazz.se\/?attachment_id=6223'><img loading=\"lazy\" decoding=\"async\" width=\"300\" height=\"200\" src=\"https:\/\/bildbank.ystadjazz.se\/wp-content\/uploads\/2025\/07\/YSJF-2025-Jam-Session-Fotograf-Markus-Fagersten-5-300x200.jpg\" class=\"attachment-medium size-medium\" alt=\"\" srcset=\"https:\/\/bildbank.ystadjazz.se\/wp-content\/uploads\/2025\/07\/YSJF-2025-Jam-Session-Fotograf-Markus-Fagersten-5-300x200.jpg 300w, https:\/\/bildbank.ystadjazz.se\/wp-content\/uploads\/2025\/07\/YSJF-2025-Jam-Session-Fotograf-Markus-Fagersten-5-1024x683.jpg 1024w, https:\/\/bildbank.ystadjazz.se\/wp-content\/uploads\/2025\/07\/YSJF-2025-Jam-Session-Fotograf-Markus-Fagersten-5-1536x1024.jpg 1536w, https:\/\/bildbank.ystadjazz.se\/wp-content\/uploads\/2025\/07\/YSJF-2025-Jam-Session-Fotograf-Markus-Fagersten-5-2048x1366.jpg 2048w\" sizes=\"auto, (max-width: 300px) 100vw, 300px\" \/><\/a><\/dt>\n\t\t\t\t\t\t<dd class='gallery-caption'>YSJF 2025 Jam Session Photo: Markus F\u00e4gersten<\/dd>\n\t\t\t\t\t<\/dl>\n\t\t\t\t\t<dl class='gallery-item col-3'>\n\t\t\t\t\t\t<dt class='gallery-icon'><a href='https:\/\/bildbank.ystadjazz.se\/?attachment_id=6401'><img loading=\"lazy\" decoding=\"async\" width=\"300\" height=\"225\" src=\"https:\/\/bildbank.ystadjazz.se\/wp-content\/uploads\/2025\/07\/IMG_5935-300x225.jpeg\" class=\"attachment-medium size-medium\" alt=\"\" srcset=\"https:\/\/bildbank.ystadjazz.se\/wp-content\/uploads\/2025\/07\/IMG_5935-300x225.jpeg 300w, https:\/\/bildbank.ystadjazz.se\/wp-content\/uploads\/2025\/07\/IMG_5935-1024x768.jpeg 1024w, https:\/\/bildbank.ystadjazz.se\/wp-content\/uploads\/2025\/07\/IMG_5935-1536x1152.jpeg 1536w, https:\/\/bildbank.ystadjazz.se\/wp-content\/uploads\/2025\/07\/IMG_5935-2048x1536.jpeg 2048w\" sizes=\"auto, (max-width: 300px) 100vw, 300px\" \/><\/a><\/dt>\n\t\t\t\t\t\t<dd class='gallery-caption'>Charlottenlund 2025 &#8211; Photo: Ingrid Fredriksson<\/dd>\n\t\t\t\t\t<\/dl>\n\t\t\t\t\t<dl class='gallery-item col-3'>\n\t\t\t\t\t\t<dt class='gallery-icon'><a href='https:\/\/bildbank.ystadjazz.se\/?attachment_id=6402'><img loading=\"lazy\" decoding=\"async\" width=\"225\" height=\"300\" src=\"https:\/\/bildbank.ystadjazz.se\/wp-content\/uploads\/2025\/07\/IMG_5939-225x300.jpeg\" class=\"attachment-medium size-medium\" alt=\"\" srcset=\"https:\/\/bildbank.ystadjazz.se\/wp-content\/uploads\/2025\/07\/IMG_5939-225x300.jpeg 225w, https:\/\/bildbank.ystadjazz.se\/wp-content\/uploads\/2025\/07\/IMG_5939-768x1024.jpeg 768w, https:\/\/bildbank.ystadjazz.se\/wp-content\/uploads\/2025\/07\/IMG_5939-1152x1536.jpeg 1152w, https:\/\/bildbank.ystadjazz.se\/wp-content\/uploads\/2025\/07\/IMG_5939-1536x2048.jpeg 1536w, https:\/\/bildbank.ystadjazz.se\/wp-content\/uploads\/2025\/07\/IMG_5939.jpeg 1920w\" sizes=\"auto, (max-width: 225px) 100vw, 225px\" \/><\/a><\/dt>\n\t\t\t\t\t\t<dd class='gallery-caption'>Charlottenlund 2025 &#8211; Photo: Ingrid Fredriksson<\/dd>\n\t\t\t\t\t<\/dl>\n\t\t\t\t<\/div>\n\t\t\t\t<div class='gallery-row gallery-clear'>\n\t\t\t\t\t<dl class='gallery-item col-3'>\n\t\t\t\t\t\t<dt class='gallery-icon'><a href='https:\/\/bildbank.ystadjazz.se\/?attachment_id=6403'><img loading=\"lazy\" decoding=\"async\" width=\"225\" height=\"300\" src=\"https:\/\/bildbank.ystadjazz.se\/wp-content\/uploads\/2025\/07\/IMG_5948-225x300.jpeg\" class=\"attachment-medium size-medium\" alt=\"\" srcset=\"https:\/\/bildbank.ystadjazz.se\/wp-content\/uploads\/2025\/07\/IMG_5948-225x300.jpeg 225w, https:\/\/bildbank.ystadjazz.se\/wp-content\/uploads\/2025\/07\/IMG_5948-768x1024.jpeg 768w, https:\/\/bildbank.ystadjazz.se\/wp-content\/uploads\/2025\/07\/IMG_5948-1152x1536.jpeg 1152w, https:\/\/bildbank.ystadjazz.se\/wp-content\/uploads\/2025\/07\/IMG_5948-1536x2048.jpeg 1536w, https:\/\/bildbank.ystadjazz.se\/wp-content\/uploads\/2025\/07\/IMG_5948.jpeg 1920w\" sizes=\"auto, (max-width: 225px) 100vw, 225px\" \/><\/a><\/dt>\n\t\t\t\t\t\t<dd class='gallery-caption'>Charlottenlund 2025 &#8211; Photo: Ingrid Fredriksson<\/dd>\n\t\t\t\t\t<\/dl>\n\t\t\t\t\t<dl class='gallery-item col-3'>\n\t\t\t\t\t\t<dt class='gallery-icon'><a href='https:\/\/bildbank.ystadjazz.se\/?attachment_id=6404'><img loading=\"lazy\" decoding=\"async\" width=\"158\" height=\"300\" src=\"https:\/\/bildbank.ystadjazz.se\/wp-content\/uploads\/2025\/07\/IMG_5952-158x300.jpeg\" class=\"attachment-medium size-medium\" alt=\"\" srcset=\"https:\/\/bildbank.ystadjazz.se\/wp-content\/uploads\/2025\/07\/IMG_5952-158x300.jpeg 158w, https:\/\/bildbank.ystadjazz.se\/wp-content\/uploads\/2025\/07\/IMG_5952-538x1024.jpeg 538w, https:\/\/bildbank.ystadjazz.se\/wp-content\/uploads\/2025\/07\/IMG_5952-807x1536.jpeg 807w, https:\/\/bildbank.ystadjazz.se\/wp-content\/uploads\/2025\/07\/IMG_5952-1076x2048.jpeg 1076w, https:\/\/bildbank.ystadjazz.se\/wp-content\/uploads\/2025\/07\/IMG_5952.jpeg 1345w\" sizes=\"auto, (max-width: 158px) 100vw, 158px\" \/><\/a><\/dt>\n\t\t\t\t\t\t<dd class='gallery-caption'>Charlottenlund 2025 &#8211; Photo: Ingrid Fredriksson<\/dd>\n\t\t\t\t\t<\/dl>\n\t\t\t\t\t<dl class='gallery-item col-3'>\n\t\t\t\t\t\t<dt class='gallery-icon'><a href='https:\/\/bildbank.ystadjazz.se\/?attachment_id=6405'><img loading=\"lazy\" decoding=\"async\" width=\"149\" height=\"300\" src=\"https:\/\/bildbank.ystadjazz.se\/wp-content\/uploads\/2025\/07\/IMG_5954-149x300.jpeg\" class=\"attachment-medium size-medium\" alt=\"\" srcset=\"https:\/\/bildbank.ystadjazz.se\/wp-content\/uploads\/2025\/07\/IMG_5954-149x300.jpeg 149w, https:\/\/bildbank.ystadjazz.se\/wp-content\/uploads\/2025\/07\/IMG_5954-507x1024.jpeg 507w, https:\/\/bildbank.ystadjazz.se\/wp-content\/uploads\/2025\/07\/IMG_5954-761x1536.jpeg 761w, https:\/\/bildbank.ystadjazz.se\/wp-content\/uploads\/2025\/07\/IMG_5954-1014x2048.jpeg 1014w, https:\/\/bildbank.ystadjazz.se\/wp-content\/uploads\/2025\/07\/IMG_5954.jpeg 1268w\" sizes=\"auto, (max-width: 149px) 100vw, 149px\" \/><\/a><\/dt>\n\t\t\t\t\t\t<dd class='gallery-caption'>Charlottenlund 2025 &#8211; Photo: Ingrid Fredriksson<\/dd>\n\t\t\t\t\t<\/dl>\n\t\t\t\t<\/div>\n\t\t\t\t<div class='gallery-row gallery-clear'>\n\t\t\t\t\t<dl class='gallery-item col-3'>\n\t\t\t\t\t\t<dt class='gallery-icon'><a href='https:\/\/bildbank.ystadjazz.se\/?attachment_id=6406'><img loading=\"lazy\" decoding=\"async\" width=\"225\" height=\"300\" src=\"https:\/\/bildbank.ystadjazz.se\/wp-content\/uploads\/2025\/07\/IMG_5955-225x300.jpeg\" class=\"attachment-medium size-medium\" alt=\"\" srcset=\"https:\/\/bildbank.ystadjazz.se\/wp-content\/uploads\/2025\/07\/IMG_5955-225x300.jpeg 225w, https:\/\/bildbank.ystadjazz.se\/wp-content\/uploads\/2025\/07\/IMG_5955-768x1024.jpeg 768w, https:\/\/bildbank.ystadjazz.se\/wp-content\/uploads\/2025\/07\/IMG_5955-1152x1536.jpeg 1152w, https:\/\/bildbank.ystadjazz.se\/wp-content\/uploads\/2025\/07\/IMG_5955-1536x2048.jpeg 1536w, https:\/\/bildbank.ystadjazz.se\/wp-content\/uploads\/2025\/07\/IMG_5955.jpeg 1920w\" sizes=\"auto, (max-width: 225px) 100vw, 225px\" \/><\/a><\/dt>\n\t\t\t\t\t\t<dd class='gallery-caption'>Charlottenlund 2025 &#8211; Photo: Ingrid Fredriksson<\/dd>\n\t\t\t\t\t<\/dl>\n\t\t\t\t\t<dl class='gallery-item col-3'>\n\t\t\t\t\t\t<dt class='gallery-icon'><a href='https:\/\/bildbank.ystadjazz.se\/?attachment_id=6407'><img loading=\"lazy\" decoding=\"async\" width=\"225\" height=\"300\" src=\"https:\/\/bildbank.ystadjazz.se\/wp-content\/uploads\/2025\/07\/IMG_5956-225x300.jpeg\" class=\"attachment-medium size-medium\" alt=\"\" srcset=\"https:\/\/bildbank.ystadjazz.se\/wp-content\/uploads\/2025\/07\/IMG_5956-225x300.jpeg 225w, https:\/\/bildbank.ystadjazz.se\/wp-content\/uploads\/2025\/07\/IMG_5956-768x1024.jpeg 768w, https:\/\/bildbank.ystadjazz.se\/wp-content\/uploads\/2025\/07\/IMG_5956-1152x1536.jpeg 1152w, https:\/\/bildbank.ystadjazz.se\/wp-content\/uploads\/2025\/07\/IMG_5956-1536x2048.jpeg 1536w, https:\/\/bildbank.ystadjazz.se\/wp-content\/uploads\/2025\/07\/IMG_5956.jpeg 1920w\" sizes=\"auto, (max-width: 225px) 100vw, 225px\" \/><\/a><\/dt>\n\t\t\t\t\t\t<dd class='gallery-caption'>Charlottenlund 2025 &#8211; Photo: Ingrid Fredriksson<\/dd>\n\t\t\t\t\t<\/dl>\n\t\t\t\t\t<dl class='gallery-item col-3'>\n\t\t\t\t\t\t<dt class='gallery-icon'><a href='https:\/\/bildbank.ystadjazz.se\/?attachment_id=6408'><img loading=\"lazy\" decoding=\"async\" width=\"300\" height=\"225\" src=\"https:\/\/bildbank.ystadjazz.se\/wp-content\/uploads\/2025\/07\/IMG_5962-300x225.jpeg\" class=\"attachment-medium size-medium\" alt=\"\" srcset=\"https:\/\/bildbank.ystadjazz.se\/wp-content\/uploads\/2025\/07\/IMG_5962-300x225.jpeg 300w, https:\/\/bildbank.ystadjazz.se\/wp-content\/uploads\/2025\/07\/IMG_5962-1024x768.jpeg 1024w, https:\/\/bildbank.ystadjazz.se\/wp-content\/uploads\/2025\/07\/IMG_5962-1536x1152.jpeg 1536w, https:\/\/bildbank.ystadjazz.se\/wp-content\/uploads\/2025\/07\/IMG_5962-2048x1536.jpeg 2048w\" sizes=\"auto, (max-width: 300px) 100vw, 300px\" \/><\/a><\/dt>\n\t\t\t\t\t\t<dd class='gallery-caption'>Charlottenlund 2025 &#8211; Photo: Ingrid Fredriksson<\/dd>\n\t\t\t\t\t<\/dl>\n\t\t\t\t<\/div>\n\t\t\t\t<div class='gallery-row gallery-clear'>\n\t\t\t\t\t<dl class='gallery-item col-3'>\n\t\t\t\t\t\t<dt class='gallery-icon'><a href='https:\/\/bildbank.ystadjazz.se\/?attachment_id=6410'><img loading=\"lazy\" decoding=\"async\" width=\"225\" height=\"300\" src=\"https:\/\/bildbank.ystadjazz.se\/wp-content\/uploads\/2025\/07\/IMG_5966-225x300.jpeg\" class=\"attachment-medium size-medium\" alt=\"\" srcset=\"https:\/\/bildbank.ystadjazz.se\/wp-content\/uploads\/2025\/07\/IMG_5966-225x300.jpeg 225w, https:\/\/bildbank.ystadjazz.se\/wp-content\/uploads\/2025\/07\/IMG_5966-768x1024.jpeg 768w, https:\/\/bildbank.ystadjazz.se\/wp-content\/uploads\/2025\/07\/IMG_5966-1152x1536.jpeg 1152w, https:\/\/bildbank.ystadjazz.se\/wp-content\/uploads\/2025\/07\/IMG_5966-1536x2048.jpeg 1536w, https:\/\/bildbank.ystadjazz.se\/wp-content\/uploads\/2025\/07\/IMG_5966.jpeg 1920w\" sizes=\"auto, (max-width: 225px) 100vw, 225px\" \/><\/a><\/dt>\n\t\t\t\t\t\t<dd class='gallery-caption'>Charlottenlund 2025 &#8211; Photo: Ingrid Fredriksson<\/dd>\n\t\t\t\t\t<\/dl>\n\t\t\t<\/div>\n\t\t\t<\/div><!-- .gallery -->\n\n","protected":false},"excerpt":{"rendered":"","protected":false},"author":1,"featured_media":0,"comment_status":"closed","ping_status":"closed","sticky":true,"template":"","format":"gallery","meta":{"footnotes":"","_links_to":"","_links_to_target":""},"categories":[51],"tags":[],"class_list":["post-5947","post","type-post","status-publish","format-gallery","hentry","category-festivalbilder-2025","post_format-post-format-gallery"],"_links":{"self":[{"href":"https:\/\/bildbank.ystadjazz.se\/index.php?rest_route=\/wp\/v2\/posts\/5947","targetHints":{"allow":["GET"]}}],"collection":[{"href":"https:\/\/bildbank.ystadjazz.se\/index.php?rest_route=\/wp\/v2\/posts"}],"about":[{"href":"https:\/\/bildbank.ystadjazz.se\/index.php?rest_route=\/wp\/v2\/types\/post"}],"author":[{"embeddable":true,"href":"https:\/\/bildbank.ystadjazz.se\/index.php?rest_route=\/wp\/v2\/users\/1"}],"replies":[{"embeddable":true,"href":"https:\/\/bildbank.ystadjazz.se\/index.php?rest_route=%2Fwp%2Fv2%2Fcomments&post=5947"}],"version-history":[{"count":0,"href":"https:\/\/bildbank.ystadjazz.se\/index.php?rest_route=\/wp\/v2\/posts\/5947\/revisions"}],"wp:attachment":[{"href":"https:\/\/bildbank.ystadjazz.se\/index.php?rest_route=%2Fwp%2Fv2%2Fmedia&parent=5947"}],"wp:term":[{"taxonomy":"category","embeddable":true,"href":"https:\/\/bildbank.ystadjazz.se\/index.php?rest_route=%2Fwp%2Fv2%2Fcategories&post=5947"},{"taxonomy":"post_tag","embeddable":true,"href":"https:\/\/bildbank.ystadjazz.se\/index.php?rest_route=%2Fwp%2Fv2%2Ftags&post=5947"}],"curies":[{"name":"wp","href":"https:\/\/api.w.org\/{rel}","templated":true}]}}